{"id":2349,"date":"2016-12-02T18:53:40","date_gmt":"2016-12-02T16:53:40","guid":{"rendered":"http:\/\/moeve-schmelz.de\/?p=2349"},"modified":"2016-12-03T20:42:39","modified_gmt":"2016-12-03T18:42:39","slug":"drei-saarlandmeistertitel-nach-schmelz","status":"publish","type":"post","link":"https:\/\/moeve-schmelz.de\/?p=2349","title":{"rendered":"\\\\ Drei Saarlandmeistertitel nach Schmelz"},"content":{"rendered":"<p>Mit drei Fahrern fuhr der RV M\u00f6ve Schmelz vergangenes Wochenende auf die diesj\u00e4hrigen S\u00fcdwestmeisterschaften ins pf\u00e4lzische Herxheim. Bei der Doppelveranstaltung werden sowohl die pf\u00e4lzischen- als auch die saarl\u00e4ndischen Meister im Querfeldein ermittelt. Die Konkurrenz war stark und die Strecke auf dem Motorcross Gel\u00e4nde relativ flach. Zwar wurden einige Laufpassagen in Form von H\u00fcrden und einem Sandst\u00fcck eingebaut aber insgesamt sparte der Veranstalter mit technischen Extras und machte das Rennen von Anfang an extrem schnell und spannend. Deshalb hie\u00df es vom Startschuss bis zum Ziel: Vollgas geben !\u00a0Wer den Anschluss verpasste war aus den Medaillenr\u00e4ngen draussen. Um so erfreulicher ist es, dass der RV M\u00f6ve mit drei Fahrern das Maximale herausholen konnte und mit <b>Marcel Scherer<\/b> U17, <b>Stefan Thome<\/b>, Senioren 3, und <b>Frederik Veith<\/b>, Elite, wieder drei Saarlandmeister stellen kann.<\/p>\n<p><a href=\"http:\/\/moeve-schmelz.de\/wp-content\/uploads\/2016\/12\/DSC_0040.jpg\"><img loading=\"lazy\" decoding=\"async\" class=\"alignnone size-medium wp-image-2351\" alt=\"DSC_0040\" src=\"http:\/\/moeve-schmelz.de\/wp-content\/uploads\/2016\/12\/DSC_0040-210x300.jpg\" width=\"210\" height=\"300\" srcset=\"https:\/\/moeve-schmelz.de\/wp-content\/uploads\/2016\/12\/DSC_0040-210x300.jpg 210w, https:\/\/moeve-schmelz.de\/wp-content\/uploads\/2016\/12\/DSC_0040.jpg 610w\" sizes=\"auto, (max-width: 210px) 100vw, 210px\" \/><\/a><\/p>\n<p>Frederik Veith, Saarlandmeister Elite<\/p>\n","protected":false},"excerpt":{"rendered":"<p>Mit drei Fahrern fuhr der RV M\u00f6ve Schmelz vergangenes Wochenende auf die diesj\u00e4hrigen S\u00fcdwestmeisterschaften ins pf\u00e4lzische Herxheim. Bei der Doppelveranstaltung werden sowohl die pf\u00e4lzischen- als auch die saarl\u00e4ndischen Meister im Querfeldein ermittelt. Die Konkurrenz war stark und die Strecke auf &hellip; <a href=\"https:\/\/moeve-schmelz.de\/?p=2349\">Weiterlesen <span class=\"meta-nav\">&rarr;<\/span><\/a><\/p>\n","protected":false},"author":5,"featured_media":0,"comment_status":"closed","ping_status":"closed","sticky":false,"template":"","format":"standard","meta":{"footnotes":""},"categories":[1],"tags":[],"class_list":["post-2349","post","type-post","status-publish","format-standard","hentry","category-allgemein"],"_links":{"self":[{"href":"https:\/\/moeve-schmelz.de\/index.php?rest_route=\/wp\/v2\/posts\/2349","targetHints":{"allow":["GET"]}}],"collection":[{"href":"https:\/\/moeve-schmelz.de\/index.php?rest_route=\/wp\/v2\/posts"}],"about":[{"href":"https:\/\/moeve-schmelz.de\/index.php?rest_route=\/wp\/v2\/types\/post"}],"author":[{"embeddable":true,"href":"https:\/\/moeve-schmelz.de\/index.php?rest_route=\/wp\/v2\/users\/5"}],"replies":[{"embeddable":true,"href":"https:\/\/moeve-schmelz.de\/index.php?rest_route=%2Fwp%2Fv2%2Fcomments&post=2349"}],"version-history":[{"count":3,"href":"https:\/\/moeve-schmelz.de\/index.php?rest_route=\/wp\/v2\/posts\/2349\/revisions"}],"predecessor-version":[{"id":2353,"href":"https:\/\/moeve-schmelz.de\/index.php?rest_route=\/wp\/v2\/posts\/2349\/revisions\/2353"}],"wp:attachment":[{"href":"https:\/\/moeve-schmelz.de\/index.php?rest_route=%2Fwp%2Fv2%2Fmedia&parent=2349"}],"wp:term":[{"taxonomy":"category","embeddable":true,"href":"https:\/\/moeve-schmelz.de\/index.php?rest_route=%2Fwp%2Fv2%2Fcategories&post=2349"},{"taxonomy":"post_tag","embeddable":true,"href":"https:\/\/moeve-schmelz.de\/index.php?rest_route=%2Fwp%2Fv2%2Ftags&post=2349"}],"curies":[{"name":"wp","href":"https:\/\/api.w.org\/{rel}","templated":true}]}}