{"id":2433,"date":"2017-05-10T22:17:40","date_gmt":"2017-05-10T20:17:40","guid":{"rendered":"http:\/\/moeve-schmelz.de\/?p=2433"},"modified":"2017-05-10T22:17:40","modified_gmt":"2017-05-10T20:17:40","slug":"3-stundenrennen-bekond","status":"publish","type":"post","link":"https:\/\/moeve-schmelz.de\/?p=2433","title":{"rendered":"\\\\ 3 Stundenrennen Bekond"},"content":{"rendered":"<p>Am 30. April starteten Benny Irsch, Tino Kipping und Frederik Veith\u00a0 beim drei Stunden Rennen in Bekond. Startfahrer Frederik Veith legte einen Traumstart hin und positionierte sich gleich unter den ersten 5 Fahrern. Leider wurden einige Fahrer, darunter auch Frederik\u00a0Veith, \u00a0wegen einer nicht vorhandenen Streckenabsperrung fehlgeleitet. Dadurch verloren die Jungs bereits in der ersten Runde knappe drei Minuten auf die Spitze und rutschten auf Platz 19 zur\u00fcck. Eine spannende und aufreibende Aufholjagt begann. Doch auch diese wurde gepr\u00e4gt von St\u00fcrzen und Defekten.\u00a0Aber die Jungs\u00a0k\u00e4mpften weiter und beendeten das Rennen schlussendlich auf einem vierten Platz.<\/p>\n<p>&nbsp;<\/p>\n<p>Marcel Scherer startete im U17 Rennen und konnte dort einen souver\u00e4nen Sieg einfahren<\/p>\n<p><a href=\"http:\/\/moeve-schmelz.de\/wp-content\/uploads\/2017\/05\/IMG_20170510_220808.jpg\"><img loading=\"lazy\" decoding=\"async\" class=\"alignnone size-medium wp-image-2438\" alt=\"IMG_20170510_220808\" src=\"http:\/\/moeve-schmelz.de\/wp-content\/uploads\/2017\/05\/IMG_20170510_220808-187x300.jpg\" width=\"187\" height=\"300\" srcset=\"https:\/\/moeve-schmelz.de\/wp-content\/uploads\/2017\/05\/IMG_20170510_220808-187x300.jpg 187w, https:\/\/moeve-schmelz.de\/wp-content\/uploads\/2017\/05\/IMG_20170510_220808-638x1024.jpg 638w\" sizes=\"auto, (max-width: 187px) 100vw, 187px\" \/><\/a><\/p>\n<p>Marcel Scherer<\/p>\n<p>&nbsp;<\/p>\n<p><a href=\"http:\/\/moeve-schmelz.de\/wp-content\/uploads\/2017\/05\/IMG_20170503_214725.jpg\"><img loading=\"lazy\" decoding=\"async\" class=\"alignnone size-medium wp-image-2435\" alt=\"IMG_20170503_214725\" src=\"http:\/\/moeve-schmelz.de\/wp-content\/uploads\/2017\/05\/IMG_20170503_214725-244x300.jpg\" width=\"244\" height=\"300\" srcset=\"https:\/\/moeve-schmelz.de\/wp-content\/uploads\/2017\/05\/IMG_20170503_214725-244x300.jpg 244w, https:\/\/moeve-schmelz.de\/wp-content\/uploads\/2017\/05\/IMG_20170503_214725-835x1024.jpg 835w\" sizes=\"auto, (max-width: 244px) 100vw, 244px\" \/><\/a><\/p>\n<p>Benny Irsch<\/p>\n<p><a href=\"http:\/\/moeve-schmelz.de\/wp-content\/uploads\/2017\/05\/IMG_20170503_214909.jpg\"><img loading=\"lazy\" decoding=\"async\" class=\"alignnone size-medium wp-image-2436\" alt=\"IMG_20170503_214909\" src=\"http:\/\/moeve-schmelz.de\/wp-content\/uploads\/2017\/05\/IMG_20170503_214909-241x300.jpg\" width=\"241\" height=\"300\" srcset=\"https:\/\/moeve-schmelz.de\/wp-content\/uploads\/2017\/05\/IMG_20170503_214909-241x300.jpg 241w, https:\/\/moeve-schmelz.de\/wp-content\/uploads\/2017\/05\/IMG_20170503_214909-824x1024.jpg 824w\" sizes=\"auto, (max-width: 241px) 100vw, 241px\" \/><\/a><\/p>\n<p>Frederik Veith<\/p>\n<p><a href=\"http:\/\/moeve-schmelz.de\/wp-content\/uploads\/2017\/05\/IMG_20170503_215126.jpg\"><img loading=\"lazy\" decoding=\"async\" class=\"alignnone size-medium wp-image-2437\" alt=\"IMG_20170503_215126\" src=\"http:\/\/moeve-schmelz.de\/wp-content\/uploads\/2017\/05\/IMG_20170503_215126-171x300.jpg\" width=\"171\" height=\"300\" srcset=\"https:\/\/moeve-schmelz.de\/wp-content\/uploads\/2017\/05\/IMG_20170503_215126-171x300.jpg 171w, https:\/\/moeve-schmelz.de\/wp-content\/uploads\/2017\/05\/IMG_20170503_215126-584x1024.jpg 584w, https:\/\/moeve-schmelz.de\/wp-content\/uploads\/2017\/05\/IMG_20170503_215126.jpg 1267w\" sizes=\"auto, (max-width: 171px) 100vw, 171px\" \/><\/a><\/p>\n<p>Tino Kipping<\/p>\n<p><a href=\"http:\/\/moeve-schmelz.de\/wp-content\/uploads\/2017\/05\/IMG_20170503_214423.jpg\"><img loading=\"lazy\" decoding=\"async\" class=\"alignnone size-medium wp-image-2434\" alt=\"IMG_20170503_214423\" src=\"http:\/\/moeve-schmelz.de\/wp-content\/uploads\/2017\/05\/IMG_20170503_214423-300x252.jpg\" width=\"300\" height=\"252\" srcset=\"https:\/\/moeve-schmelz.de\/wp-content\/uploads\/2017\/05\/IMG_20170503_214423-300x252.jpg 300w, https:\/\/moeve-schmelz.de\/wp-content\/uploads\/2017\/05\/IMG_20170503_214423-1024x861.jpg 1024w\" sizes=\"auto, (max-width: 300px) 100vw, 300px\" \/><\/a><\/p>\n","protected":false},"excerpt":{"rendered":"<p>Am 30. April starteten Benny Irsch, Tino Kipping und Frederik Veith\u00a0 beim drei Stunden Rennen in Bekond. Startfahrer Frederik Veith legte einen Traumstart hin und positionierte sich gleich unter den ersten 5 Fahrern. Leider wurden einige Fahrer, darunter auch Frederik\u00a0Veith, &hellip; <a href=\"https:\/\/moeve-schmelz.de\/?p=2433\">Weiterlesen <span class=\"meta-nav\">&rarr;<\/span><\/a><\/p>\n","protected":false},"author":5,"featured_media":0,"comment_status":"closed","ping_status":"closed","sticky":false,"template":"","format":"standard","meta":{"footnotes":""},"categories":[1],"tags":[],"class_list":["post-2433","post","type-post","status-publish","format-standard","hentry","category-allgemein"],"_links":{"self":[{"href":"https:\/\/moeve-schmelz.de\/index.php?rest_route=\/wp\/v2\/posts\/2433","targetHints":{"allow":["GET"]}}],"collection":[{"href":"https:\/\/moeve-schmelz.de\/index.php?rest_route=\/wp\/v2\/posts"}],"about":[{"href":"https:\/\/moeve-schmelz.de\/index.php?rest_route=\/wp\/v2\/types\/post"}],"author":[{"embeddable":true,"href":"https:\/\/moeve-schmelz.de\/index.php?rest_route=\/wp\/v2\/users\/5"}],"replies":[{"embeddable":true,"href":"https:\/\/moeve-schmelz.de\/index.php?rest_route=%2Fwp%2Fv2%2Fcomments&post=2433"}],"version-history":[{"count":1,"href":"https:\/\/moeve-schmelz.de\/index.php?rest_route=\/wp\/v2\/posts\/2433\/revisions"}],"predecessor-version":[{"id":2439,"href":"https:\/\/moeve-schmelz.de\/index.php?rest_route=\/wp\/v2\/posts\/2433\/revisions\/2439"}],"wp:attachment":[{"href":"https:\/\/moeve-schmelz.de\/index.php?rest_route=%2Fwp%2Fv2%2Fmedia&parent=2433"}],"wp:term":[{"taxonomy":"category","embeddable":true,"href":"https:\/\/moeve-schmelz.de\/index.php?rest_route=%2Fwp%2Fv2%2Fcategories&post=2433"},{"taxonomy":"post_tag","embeddable":true,"href":"https:\/\/moeve-schmelz.de\/index.php?rest_route=%2Fwp%2Fv2%2Ftags&post=2433"}],"curies":[{"name":"wp","href":"https:\/\/api.w.org\/{rel}","templated":true}]}}