{"id":2440,"date":"2017-05-10T22:55:40","date_gmt":"2017-05-10T20:55:40","guid":{"rendered":"http:\/\/moeve-schmelz.de\/?p=2440"},"modified":"2017-05-25T19:05:33","modified_gmt":"2017-05-25T17:05:33","slug":"wagwiesenrennen-neunkirchen","status":"publish","type":"post","link":"https:\/\/moeve-schmelz.de\/?p=2440","title":{"rendered":"\\\\ Wagwiesenrennen Neunkirchen"},"content":{"rendered":"<p>In diesem Jahr geh\u00f6rte das MTB Rennen in Neunkirchen zum ersten Rennen der MTB Liga Saar Pfalz an. Bei etwas unbest\u00e4ndigem Wetter k\u00e4mpften die Athleten in den verschiedenen Altersklassen\u00a0 die ersten Punkte im Cup.<\/p>\n<p>Premiere hatte U5 Fahrerin <strong>Katharina Irsch<\/strong>. Das Bambinirennen geh\u00f6rt zwar noch nicht\u00a0dem Cup an, erfreute sich aber gro\u00dfer Beliebtheit und so\u00a0k\u00e4mpften auch schon\u00a0die Kleinsten um die Pl\u00e4tze auf dem Podium. Katharina legte einen tollen Start-Ziel-Sieg hin und gewann mit gro\u00dfem Vorsprung das Bambinirennen.<a href=\"http:\/\/moeve-schmelz.de\/wp-content\/uploads\/2017\/05\/IMG_20170510_220656.jpg\"><img loading=\"lazy\" decoding=\"async\" class=\"alignnone size-medium wp-image-2444\" alt=\"IMG_20170510_220656\" src=\"http:\/\/moeve-schmelz.de\/wp-content\/uploads\/2017\/05\/IMG_20170510_220656-300x169.jpg\" width=\"300\" height=\"169\" srcset=\"https:\/\/moeve-schmelz.de\/wp-content\/uploads\/2017\/05\/IMG_20170510_220656-300x169.jpg 300w, https:\/\/moeve-schmelz.de\/wp-content\/uploads\/2017\/05\/IMG_20170510_220656-1024x577.jpg 1024w\" sizes=\"auto, (max-width: 300px) 100vw, 300px\" \/><\/a><\/p>\n<p>Etwas h\u00e4rter\u00a0ging es dann schon bei den Sch\u00fclern in der Klasse U9 und U11 zur Sache. <strong>Philipp Irsch<\/strong> konnte sich gleich nach dem Start in einer F\u00fcnfergruppe positionieren und belegte mit 6 Sekunden R\u00fcckstand einen super zweiten Platz im Rennen der U9.<\/p>\n<p><a href=\"http:\/\/moeve-schmelz.de\/wp-content\/uploads\/2017\/05\/IMG_20170506_173551.jpg\"><img loading=\"lazy\" decoding=\"async\" class=\"alignnone size-medium wp-image-2443\" alt=\"IMG_20170506_173551\" src=\"http:\/\/moeve-schmelz.de\/wp-content\/uploads\/2017\/05\/IMG_20170506_173551-169x300.jpg\" width=\"169\" height=\"300\" srcset=\"https:\/\/moeve-schmelz.de\/wp-content\/uploads\/2017\/05\/IMG_20170506_173551-169x300.jpg 169w, https:\/\/moeve-schmelz.de\/wp-content\/uploads\/2017\/05\/IMG_20170506_173551-577x1024.jpg 577w, https:\/\/moeve-schmelz.de\/wp-content\/uploads\/2017\/05\/IMG_20170506_173551.jpg 1840w\" sizes=\"auto, (max-width: 169px) 100vw, 169px\" \/><\/a><\/p>\n<p><strong>Hanna Irsch<\/strong> erk\u00e4mpfte sich im Rennen der U11 j\u00e4hrigen einen souver\u00e4nen Sieg.<\/p>\n<p><a href=\"http:\/\/moeve-schmelz.de\/wp-content\/uploads\/2017\/05\/IMG_20170506_161326.jpg\"><img loading=\"lazy\" decoding=\"async\" class=\"alignnone size-medium wp-image-2442\" alt=\"IMG_20170506_161326\" src=\"http:\/\/moeve-schmelz.de\/wp-content\/uploads\/2017\/05\/IMG_20170506_161326-300x169.jpg\" width=\"300\" height=\"169\" srcset=\"https:\/\/moeve-schmelz.de\/wp-content\/uploads\/2017\/05\/IMG_20170506_161326-300x169.jpg 300w, https:\/\/moeve-schmelz.de\/wp-content\/uploads\/2017\/05\/IMG_20170506_161326-1024x577.jpg 1024w\" sizes=\"auto, (max-width: 300px) 100vw, 300px\" \/><\/a><\/p>\n<p>Das\u00a0Hauptrennen \u00fcber 60 Minuten\u00a0ging \u00fcber einen 2,8 km langen, zuschauerfreundlichen\u00a0Rundkurs . Die Strecke war relativ kompakt und\u00a0mit zwei Trails wurde etwas Technik mit eingebaut.<\/p>\n<p><strong>Frederik Veith<\/strong> wurde im Rennen der Elite Fahrer Vierter.<\/p>\n<p><strong>Christian Alt<\/strong> belegte im Senioren 1 Rennen den zweiten Platz.<\/p>\n<p><a href=\"http:\/\/moeve-schmelz.de\/wp-content\/uploads\/2017\/05\/IMG-20170506-WA0059.jpg\"><img loading=\"lazy\" decoding=\"async\" class=\"alignnone size-medium wp-image-2441\" alt=\"IMG-20170506-WA0059\" src=\"http:\/\/moeve-schmelz.de\/wp-content\/uploads\/2017\/05\/IMG-20170506-WA0059-168x300.jpg\" width=\"168\" height=\"300\" srcset=\"https:\/\/moeve-schmelz.de\/wp-content\/uploads\/2017\/05\/IMG-20170506-WA0059-168x300.jpg 168w, https:\/\/moeve-schmelz.de\/wp-content\/uploads\/2017\/05\/IMG-20170506-WA0059-576x1024.jpg 576w, https:\/\/moeve-schmelz.de\/wp-content\/uploads\/2017\/05\/IMG-20170506-WA0059.jpg 720w\" sizes=\"auto, (max-width: 168px) 100vw, 168px\" \/><\/a><\/p>\n<p>Claus Bruck und Thomas Frank belegten die Pl\u00e4tze 7 und 8 bei den Senioren 2 Fahrern.<\/p>\n","protected":false},"excerpt":{"rendered":"<p>In diesem Jahr geh\u00f6rte das MTB Rennen in Neunkirchen zum ersten Rennen der MTB Liga Saar Pfalz an. Bei etwas unbest\u00e4ndigem Wetter k\u00e4mpften die Athleten in den verschiedenen Altersklassen\u00a0 die ersten Punkte im Cup. Premiere hatte U5 Fahrerin Katharina Irsch. &hellip; <a href=\"https:\/\/moeve-schmelz.de\/?p=2440\">Weiterlesen <span class=\"meta-nav\">&rarr;<\/span><\/a><\/p>\n","protected":false},"author":5,"featured_media":0,"comment_status":"closed","ping_status":"closed","sticky":false,"template":"","format":"standard","meta":{"footnotes":""},"categories":[1],"tags":[],"class_list":["post-2440","post","type-post","status-publish","format-standard","hentry","category-allgemein"],"_links":{"self":[{"href":"https:\/\/moeve-schmelz.de\/index.php?rest_route=\/wp\/v2\/posts\/2440","targetHints":{"allow":["GET"]}}],"collection":[{"href":"https:\/\/moeve-schmelz.de\/index.php?rest_route=\/wp\/v2\/posts"}],"about":[{"href":"https:\/\/moeve-schmelz.de\/index.php?rest_route=\/wp\/v2\/types\/post"}],"author":[{"embeddable":true,"href":"https:\/\/moeve-schmelz.de\/index.php?rest_route=\/wp\/v2\/users\/5"}],"replies":[{"embeddable":true,"href":"https:\/\/moeve-schmelz.de\/index.php?rest_route=%2Fwp%2Fv2%2Fcomments&post=2440"}],"version-history":[{"count":3,"href":"https:\/\/moeve-schmelz.de\/index.php?rest_route=\/wp\/v2\/posts\/2440\/revisions"}],"predecessor-version":[{"id":2449,"href":"https:\/\/moeve-schmelz.de\/index.php?rest_route=\/wp\/v2\/posts\/2440\/revisions\/2449"}],"wp:attachment":[{"href":"https:\/\/moeve-schmelz.de\/index.php?rest_route=%2Fwp%2Fv2%2Fmedia&parent=2440"}],"wp:term":[{"taxonomy":"category","embeddable":true,"href":"https:\/\/moeve-schmelz.de\/index.php?rest_route=%2Fwp%2Fv2%2Fcategories&post=2440"},{"taxonomy":"post_tag","embeddable":true,"href":"https:\/\/moeve-schmelz.de\/index.php?rest_route=%2Fwp%2Fv2%2Ftags&post=2440"}],"curies":[{"name":"wp","href":"https:\/\/api.w.org\/{rel}","templated":true}]}}