{"id":2447,"date":"2017-05-25T19:03:51","date_gmt":"2017-05-25T17:03:51","guid":{"rendered":"http:\/\/moeve-schmelz.de\/?p=2447"},"modified":"2017-05-25T19:03:51","modified_gmt":"2017-05-25T17:03:51","slug":"mtb-rennen-bad-wildbad","status":"publish","type":"post","link":"https:\/\/moeve-schmelz.de\/?p=2447","title":{"rendered":"\\\\ MTB Rennen Bad Wildbad"},"content":{"rendered":"<p>Eigentlich ist Bad Wildbad ein ruhiges, \u00a0beschauliches Kur\u00f6rtchen mitten im Nordschwarzwald. Doch einmal im Jahr wird es hier\u00a0richtig laut&#8230;dann \u00a0treffen sich hier ambitionierte Hobbybiker und MTB Profis\u00a0beim &#8222;Ketter MTB Marathon&#8220; um sich\u00a0in verschiedenen Distanzen gegeneinander zu messen und\u00a0das herrliche Schwarzwaldpanorama zu genie\u00dfen. Der Rundkurs \u00fcber 28 km wird in Kurz \/ Mittel- und Langdistanz angeboten.<\/p>\n<p>Vom RV M\u00f6ve war <strong>Thomas Hammer<\/strong> am Start. Er entschied sich f\u00fcr die Mitteldistanz \u00fcber 53 km und 1100 H\u00f6henmetern.\u00a0In 2 Stunden und 13 Minuten absolvierte er zwei mal den Rundkurs a 28 km und belegte damit den 4. Platz in seiner Altersklasse\u00a0 Senioren 1.<\/p>\n<p>&nbsp;<\/p>\n<p>&nbsp;<\/p>\n","protected":false},"excerpt":{"rendered":"<p>Eigentlich ist Bad Wildbad ein ruhiges, \u00a0beschauliches Kur\u00f6rtchen mitten im Nordschwarzwald. Doch einmal im Jahr wird es hier\u00a0richtig laut&#8230;dann \u00a0treffen sich hier ambitionierte Hobbybiker und MTB Profis\u00a0beim &#8222;Ketter MTB Marathon&#8220; um sich\u00a0in verschiedenen Distanzen gegeneinander zu messen und\u00a0das herrliche Schwarzwaldpanorama &hellip; <a href=\"https:\/\/moeve-schmelz.de\/?p=2447\">Weiterlesen <span class=\"meta-nav\">&rarr;<\/span><\/a><\/p>\n","protected":false},"author":5,"featured_media":0,"comment_status":"closed","ping_status":"closed","sticky":false,"template":"","format":"standard","meta":{"footnotes":""},"categories":[1],"tags":[],"class_list":["post-2447","post","type-post","status-publish","format-standard","hentry","category-allgemein"],"_links":{"self":[{"href":"https:\/\/moeve-schmelz.de\/index.php?rest_route=\/wp\/v2\/posts\/2447","targetHints":{"allow":["GET"]}}],"collection":[{"href":"https:\/\/moeve-schmelz.de\/index.php?rest_route=\/wp\/v2\/posts"}],"about":[{"href":"https:\/\/moeve-schmelz.de\/index.php?rest_route=\/wp\/v2\/types\/post"}],"author":[{"embeddable":true,"href":"https:\/\/moeve-schmelz.de\/index.php?rest_route=\/wp\/v2\/users\/5"}],"replies":[{"embeddable":true,"href":"https:\/\/moeve-schmelz.de\/index.php?rest_route=%2Fwp%2Fv2%2Fcomments&post=2447"}],"version-history":[{"count":1,"href":"https:\/\/moeve-schmelz.de\/index.php?rest_route=\/wp\/v2\/posts\/2447\/revisions"}],"predecessor-version":[{"id":2448,"href":"https:\/\/moeve-schmelz.de\/index.php?rest_route=\/wp\/v2\/posts\/2447\/revisions\/2448"}],"wp:attachment":[{"href":"https:\/\/moeve-schmelz.de\/index.php?rest_route=%2Fwp%2Fv2%2Fmedia&parent=2447"}],"wp:term":[{"taxonomy":"category","embeddable":true,"href":"https:\/\/moeve-schmelz.de\/index.php?rest_route=%2Fwp%2Fv2%2Fcategories&post=2447"},{"taxonomy":"post_tag","embeddable":true,"href":"https:\/\/moeve-schmelz.de\/index.php?rest_route=%2Fwp%2Fv2%2Ftags&post=2447"}],"curies":[{"name":"wp","href":"https:\/\/api.w.org\/{rel}","templated":true}]}}