{"id":2450,"date":"2017-05-31T10:27:37","date_gmt":"2017-05-31T08:27:37","guid":{"rendered":"http:\/\/moeve-schmelz.de\/?p=2450"},"modified":"2017-05-31T21:03:13","modified_gmt":"2017-05-31T19:03:13","slug":"2-rennen-zur-mtb-saar-pfalz-liga","status":"publish","type":"post","link":"https:\/\/moeve-schmelz.de\/?p=2450","title":{"rendered":"\\\\ 2. Rennen zur MTB Saar Pfalz Liga"},"content":{"rendered":"<p>Vergangenen Sonntag fand im Zuge der MTB Saar Pfalz Liga das zweite Rennen im pf\u00e4lzischen Bundenthal statt. Bei hei\u00dfen Temperaturen k\u00e4mpften die Radsportler auf einer technisch anspruchsvollen Strecke um weitere, wichtige Punkte f\u00fcr die Cup Wertung.<\/p>\n<p>Auch die M\u00f6ven erbrachten wieder hervorragende Leistung.<\/p>\n<p><strong>Philipp Irsch <\/strong>schrammte, mal wieder, nur ganz knapp, am obersten Podiumsplatz vorbei und belegte im stark besetzten Rennen der Sch\u00fcler unter neun Jahren den zweiten Platz.<\/p>\n<p><a href=\"http:\/\/moeve-schmelz.de\/wp-content\/uploads\/2017\/05\/IMG_20170530_105550.jpg\"><img loading=\"lazy\" decoding=\"async\" class=\"alignnone size-medium wp-image-2452\" alt=\"IMG_20170530_105550\" src=\"http:\/\/moeve-schmelz.de\/wp-content\/uploads\/2017\/05\/IMG_20170530_105550-300x257.jpg\" width=\"300\" height=\"257\" srcset=\"https:\/\/moeve-schmelz.de\/wp-content\/uploads\/2017\/05\/IMG_20170530_105550-300x257.jpg 300w, https:\/\/moeve-schmelz.de\/wp-content\/uploads\/2017\/05\/IMG_20170530_105550-1024x880.jpg 1024w\" sizes=\"auto, (max-width: 300px) 100vw, 300px\" \/><\/a><\/p>\n<p>Ebenfalls spannend machten es die M\u00e4dels im Rennen der Sch\u00fcler U11. Hier belegte <strong>Hanna Irsch<\/strong> mit ein paar Sekunden R\u00fcckstand auf Platz eins einen tollen zweiten Platz.<\/p>\n<p><a href=\"http:\/\/moeve-schmelz.de\/wp-content\/uploads\/2017\/05\/IMG_20170527_114510.jpg\"><img loading=\"lazy\" decoding=\"async\" class=\"alignnone size-medium wp-image-2453\" alt=\"IMG_20170527_114510\" src=\"http:\/\/moeve-schmelz.de\/wp-content\/uploads\/2017\/05\/IMG_20170527_114510-224x300.jpg\" width=\"224\" height=\"300\" srcset=\"https:\/\/moeve-schmelz.de\/wp-content\/uploads\/2017\/05\/IMG_20170527_114510-224x300.jpg 224w, https:\/\/moeve-schmelz.de\/wp-content\/uploads\/2017\/05\/IMG_20170527_114510-768x1024.jpg 768w\" sizes=\"auto, (max-width: 224px) 100vw, 224px\" \/><\/a><\/p>\n<p>U 17 Fahrer <strong>Marcel Scherer<\/strong> konnte sich gleich in der ersten Runde zusammen mit einem Mitkontrahenten deutlich vom Feld absetzten und sicherte sich ebenfalls den zweiten Rang.<\/p>\n<p>Auch Elitefahrer <strong>Frederik Veith <\/strong>konnte bei Temperaturen \u00fcber 30 Grad hervorragende Leistung abrufen. Im Rennen der Elite Fahrer verpasste er nur ganz knapp den Sprung aufs Podium und belegte nach f\u00fcnf Runden den vierten Platz<\/p>\n<p><a href=\"http:\/\/moeve-schmelz.de\/wp-content\/uploads\/2017\/05\/IMG-20170531-WA0001.jpg\"><img loading=\"lazy\" decoding=\"async\" class=\"alignnone size-medium wp-image-2451\" alt=\"IMG-20170531-WA0001\" src=\"http:\/\/moeve-schmelz.de\/wp-content\/uploads\/2017\/05\/IMG-20170531-WA0001-227x300.jpg\" width=\"227\" height=\"300\" srcset=\"https:\/\/moeve-schmelz.de\/wp-content\/uploads\/2017\/05\/IMG-20170531-WA0001-227x300.jpg 227w, https:\/\/moeve-schmelz.de\/wp-content\/uploads\/2017\/05\/IMG-20170531-WA0001-776x1024.jpg 776w, https:\/\/moeve-schmelz.de\/wp-content\/uploads\/2017\/05\/IMG-20170531-WA0001.jpg 970w\" sizes=\"auto, (max-width: 227px) 100vw, 227px\" \/><\/a><\/p>\n<p><strong>Thomas Hammer<\/strong> hatte im Rennen der Senioren 2 Fahrern leider etwas Pech. Lange lag er lange auf aussichtsreicher zweiter Position und st\u00fcrzte, verlor einige Pl\u00e4tze, k\u00e4mpfte sich wieder auf Platz zwei nach vorne und st\u00fcrzte danach wieder. Durch den zweiten Sturz verlor er wieder einige Positionen und beendete das Rennen dennoch auf einem guten vierten Platz.<\/p>\n","protected":false},"excerpt":{"rendered":"<p>Vergangenen Sonntag fand im Zuge der MTB Saar Pfalz Liga das zweite Rennen im pf\u00e4lzischen Bundenthal statt. Bei hei\u00dfen Temperaturen k\u00e4mpften die Radsportler auf einer technisch anspruchsvollen Strecke um weitere, wichtige Punkte f\u00fcr die Cup Wertung. Auch die M\u00f6ven erbrachten &hellip; <a href=\"https:\/\/moeve-schmelz.de\/?p=2450\">Weiterlesen <span class=\"meta-nav\">&rarr;<\/span><\/a><\/p>\n","protected":false},"author":5,"featured_media":0,"comment_status":"closed","ping_status":"closed","sticky":false,"template":"","format":"standard","meta":{"footnotes":""},"categories":[1],"tags":[],"class_list":["post-2450","post","type-post","status-publish","format-standard","hentry","category-allgemein"],"_links":{"self":[{"href":"https:\/\/moeve-schmelz.de\/index.php?rest_route=\/wp\/v2\/posts\/2450","targetHints":{"allow":["GET"]}}],"collection":[{"href":"https:\/\/moeve-schmelz.de\/index.php?rest_route=\/wp\/v2\/posts"}],"about":[{"href":"https:\/\/moeve-schmelz.de\/index.php?rest_route=\/wp\/v2\/types\/post"}],"author":[{"embeddable":true,"href":"https:\/\/moeve-schmelz.de\/index.php?rest_route=\/wp\/v2\/users\/5"}],"replies":[{"embeddable":true,"href":"https:\/\/moeve-schmelz.de\/index.php?rest_route=%2Fwp%2Fv2%2Fcomments&post=2450"}],"version-history":[{"count":3,"href":"https:\/\/moeve-schmelz.de\/index.php?rest_route=\/wp\/v2\/posts\/2450\/revisions"}],"predecessor-version":[{"id":2457,"href":"https:\/\/moeve-schmelz.de\/index.php?rest_route=\/wp\/v2\/posts\/2450\/revisions\/2457"}],"wp:attachment":[{"href":"https:\/\/moeve-schmelz.de\/index.php?rest_route=%2Fwp%2Fv2%2Fmedia&parent=2450"}],"wp:term":[{"taxonomy":"category","embeddable":true,"href":"https:\/\/moeve-schmelz.de\/index.php?rest_route=%2Fwp%2Fv2%2Fcategories&post=2450"},{"taxonomy":"post_tag","embeddable":true,"href":"https:\/\/moeve-schmelz.de\/index.php?rest_route=%2Fwp%2Fv2%2Ftags&post=2450"}],"curies":[{"name":"wp","href":"https:\/\/api.w.org\/{rel}","templated":true}]}}