{"id":2466,"date":"2017-06-11T22:17:02","date_gmt":"2017-06-11T20:17:02","guid":{"rendered":"http:\/\/moeve-schmelz.de\/?p=2466"},"modified":"2017-06-11T22:37:23","modified_gmt":"2017-06-11T20:37:23","slug":"ein-wochenende-voller-erfolge","status":"publish","type":"post","link":"https:\/\/moeve-schmelz.de\/?p=2466","title":{"rendered":"Ein Wochenende voller Erfolge"},"content":{"rendered":"<p>Ein ereignis- und erfolgreiches Wochenende liegt hinter den Sportlern des RV M\u00f6ve Schmelz.<\/p>\n<p>Beim 3 Lauf der MTB Saar Pfalz Liga in St. Ingbert konnten die Geschwister Irsch wieder wertvolle Punkte f\u00fcr die Cup Wertung sammeln. Etwas angeschlagen mit einer Erk\u00e4ltung\u00a0konnte\u00a0\u00a0<b>Hanna Irsch<\/b> nicht ganz vorne mitmischen, belegte im Sch\u00fclerrennen U 11 dennoch einen tollen vierten Platz.<\/p>\n<p><a href=\"http:\/\/moeve-schmelz.de\/wp-content\/uploads\/2017\/06\/IMG_20170610_103758.jpg\"><img loading=\"lazy\" decoding=\"async\" class=\"alignnone size-medium wp-image-2471\" alt=\"IMG_20170610_103758\" src=\"http:\/\/moeve-schmelz.de\/wp-content\/uploads\/2017\/06\/IMG_20170610_103758-300x224.jpg\" width=\"300\" height=\"224\" srcset=\"https:\/\/moeve-schmelz.de\/wp-content\/uploads\/2017\/06\/IMG_20170610_103758-300x224.jpg 300w, https:\/\/moeve-schmelz.de\/wp-content\/uploads\/2017\/06\/IMG_20170610_103758-1024x768.jpg 1024w\" sizes=\"auto, (max-width: 300px) 100vw, 300px\" \/><\/a><\/p>\n<p><b>Philipp<\/b><strong> Irsch<\/strong> wurde ganz knapp im Sprint geschlagen und belegte im Sch\u00fclerrennen U9 unter 31 gestarteten Fahrern den dritten Rang.<\/p>\n<p><a href=\"http:\/\/moeve-schmelz.de\/wp-content\/uploads\/2017\/06\/IMG_20170610_123939.jpg\"><img loading=\"lazy\" decoding=\"async\" class=\"alignnone size-medium wp-image-2472\" alt=\"IMG_20170610_123939\" src=\"http:\/\/moeve-schmelz.de\/wp-content\/uploads\/2017\/06\/IMG_20170610_123939-300x224.jpg\" width=\"300\" height=\"224\" srcset=\"https:\/\/moeve-schmelz.de\/wp-content\/uploads\/2017\/06\/IMG_20170610_123939-300x224.jpg 300w, https:\/\/moeve-schmelz.de\/wp-content\/uploads\/2017\/06\/IMG_20170610_123939-1024x768.jpg 1024w\" sizes=\"auto, (max-width: 300px) 100vw, 300px\" \/><\/a><\/p>\n<p>Youngstar <b>Katharina Irsch<\/b> zeigte im U5 Rennen allen wo der Hase her l\u00e4uft und gewann das Kidsrace mit einem klassischen Start-Ziel-Sieg.<\/p>\n<p><a href=\"http:\/\/moeve-schmelz.de\/wp-content\/uploads\/2017\/06\/IMG-20170610-WA0003.jpg\"><img loading=\"lazy\" decoding=\"async\" class=\"alignnone size-medium wp-image-2469\" alt=\"IMG-20170610-WA0003\" src=\"http:\/\/moeve-schmelz.de\/wp-content\/uploads\/2017\/06\/IMG-20170610-WA0003-300x225.jpg\" width=\"300\" height=\"225\" srcset=\"https:\/\/moeve-schmelz.de\/wp-content\/uploads\/2017\/06\/IMG-20170610-WA0003-300x225.jpg 300w, https:\/\/moeve-schmelz.de\/wp-content\/uploads\/2017\/06\/IMG-20170610-WA0003-1024x768.jpg 1024w, https:\/\/moeve-schmelz.de\/wp-content\/uploads\/2017\/06\/IMG-20170610-WA0003.jpg 1280w\" sizes=\"auto, (max-width: 300px) 100vw, 300px\" \/><\/a>\u00a0\u00a0 <a href=\"http:\/\/moeve-schmelz.de\/wp-content\/uploads\/2017\/06\/IMG_20170610_112408.jpg\"><img loading=\"lazy\" decoding=\"async\" class=\"alignnone size-medium wp-image-2470\" alt=\"IMG_20170610_112408\" src=\"http:\/\/moeve-schmelz.de\/wp-content\/uploads\/2017\/06\/IMG_20170610_112408-224x300.jpg\" width=\"224\" height=\"300\" srcset=\"https:\/\/moeve-schmelz.de\/wp-content\/uploads\/2017\/06\/IMG_20170610_112408-224x300.jpg 224w, https:\/\/moeve-schmelz.de\/wp-content\/uploads\/2017\/06\/IMG_20170610_112408-768x1024.jpg 768w\" sizes=\"auto, (max-width: 224px) 100vw, 224px\" \/><\/a><\/p>\n<p>Zur gleichen Zeit starteten <b>Benny Irsch, Tino Kipping<\/b> und <b>Frederik Veith<\/b> beim 3 Stunden-Rennen in Serrig. Nachdem Startfahrer Frederik Veith eine perfekte erste Runde hinlegte galt es f\u00fcr Benny Irsch, den Vorsprung von einer Minute auszubauen. Tino Kipping war ebenfalls in guter Verfassung und machte weiter Boden auf die Kontrahenten gut. So gelang den Jungs ein perfekter Start-Ziel-Sieg mit einem Vorsprung von 4 Minuten auf die weiteren Pl\u00e4tze.<\/p>\n<p><a href=\"http:\/\/moeve-schmelz.de\/wp-content\/uploads\/2017\/06\/IMG-20170611-WA0023.jpg\"><img loading=\"lazy\" decoding=\"async\" class=\"alignnone size-medium wp-image-2467\" alt=\"IMG-20170611-WA0023\" src=\"http:\/\/moeve-schmelz.de\/wp-content\/uploads\/2017\/06\/IMG-20170611-WA0023-300x300.jpg\" width=\"300\" height=\"300\" srcset=\"https:\/\/moeve-schmelz.de\/wp-content\/uploads\/2017\/06\/IMG-20170611-WA0023-300x300.jpg 300w, https:\/\/moeve-schmelz.de\/wp-content\/uploads\/2017\/06\/IMG-20170611-WA0023-150x150.jpg 150w, https:\/\/moeve-schmelz.de\/wp-content\/uploads\/2017\/06\/IMG-20170611-WA0023.jpg 780w\" sizes=\"auto, (max-width: 300px) 100vw, 300px\" \/><\/a><\/p>\n<p>Am Sonntag standen dann die Saarlandmeisterschaften im MTB und ein Bundessichtungsrennen auf dem Plan. Auf einer extrem technisch anspruchsvollen Strecke in Sankt Ingbert konnte\u00a0 <b>Frederik Veith <\/b>einen starken 6 Gesamtplatz im Eliterennen\u00a0herausfahren und gewann als zweiter Saarl\u00e4nder die Silbermedaille bei den Saarlandmeisterschaften.<\/p>\n<p><a href=\"http:\/\/moeve-schmelz.de\/wp-content\/uploads\/2017\/06\/IMG-20170611-WA0025.jpg\"><img loading=\"lazy\" decoding=\"async\" class=\"alignnone size-medium wp-image-2474\" alt=\"IMG-20170611-WA0025\" src=\"http:\/\/moeve-schmelz.de\/wp-content\/uploads\/2017\/06\/IMG-20170611-WA0025-300x273.jpg\" width=\"300\" height=\"273\" srcset=\"https:\/\/moeve-schmelz.de\/wp-content\/uploads\/2017\/06\/IMG-20170611-WA0025-300x273.jpg 300w, https:\/\/moeve-schmelz.de\/wp-content\/uploads\/2017\/06\/IMG-20170611-WA0025.jpg 743w\" sizes=\"auto, (max-width: 300px) 100vw, 300px\" \/><\/a><\/p>\n<p>&nbsp;<\/p>\n<p>Ebenfalls eine Medaille f\u00fcr die M\u00f6ven fuhr <b>Thomas Frank<\/b> ein. Er wurde im Rennen der Senioren 2 Fahrer dritter und gewann die Bronzemedaille.<\/p>\n<p>F\u00fcr Nachwuchstalent <b>Marcel Scherer<\/b> stand ein Bundesnachwuchssichtungsrennen an, bestehend aus einem Slalom und einem 45 min\u00fctigem MTB Rennen. Beim Slalom erreichte der U17 Fahrer von 64 Startern einen tollen 9 Platz und konnte sich damit eine gute Ausgangsposition f\u00fcr das bevorstehende MTB Rennen sichern. Beim abschlie\u00dfenden Rennen erk\u00e4mpfte er sich Platz 12.<\/p>\n","protected":false},"excerpt":{"rendered":"<p>Ein ereignis- und erfolgreiches Wochenende liegt hinter den Sportlern des RV M\u00f6ve Schmelz. Beim 3 Lauf der MTB Saar Pfalz Liga in St. Ingbert konnten die Geschwister Irsch wieder wertvolle Punkte f\u00fcr die Cup Wertung sammeln. Etwas angeschlagen mit einer &hellip; <a href=\"https:\/\/moeve-schmelz.de\/?p=2466\">Weiterlesen <span class=\"meta-nav\">&rarr;<\/span><\/a><\/p>\n","protected":false},"author":5,"featured_media":0,"comment_status":"closed","ping_status":"closed","sticky":false,"template":"","format":"standard","meta":{"footnotes":""},"categories":[1],"tags":[],"class_list":["post-2466","post","type-post","status-publish","format-standard","hentry","category-allgemein"],"_links":{"self":[{"href":"https:\/\/moeve-schmelz.de\/index.php?rest_route=\/wp\/v2\/posts\/2466","targetHints":{"allow":["GET"]}}],"collection":[{"href":"https:\/\/moeve-schmelz.de\/index.php?rest_route=\/wp\/v2\/posts"}],"about":[{"href":"https:\/\/moeve-schmelz.de\/index.php?rest_route=\/wp\/v2\/types\/post"}],"author":[{"embeddable":true,"href":"https:\/\/moeve-schmelz.de\/index.php?rest_route=\/wp\/v2\/users\/5"}],"replies":[{"embeddable":true,"href":"https:\/\/moeve-schmelz.de\/index.php?rest_route=%2Fwp%2Fv2%2Fcomments&post=2466"}],"version-history":[{"count":6,"href":"https:\/\/moeve-schmelz.de\/index.php?rest_route=\/wp\/v2\/posts\/2466\/revisions"}],"predecessor-version":[{"id":2479,"href":"https:\/\/moeve-schmelz.de\/index.php?rest_route=\/wp\/v2\/posts\/2466\/revisions\/2479"}],"wp:attachment":[{"href":"https:\/\/moeve-schmelz.de\/index.php?rest_route=%2Fwp%2Fv2%2Fmedia&parent=2466"}],"wp:term":[{"taxonomy":"category","embeddable":true,"href":"https:\/\/moeve-schmelz.de\/index.php?rest_route=%2Fwp%2Fv2%2Fcategories&post=2466"},{"taxonomy":"post_tag","embeddable":true,"href":"https:\/\/moeve-schmelz.de\/index.php?rest_route=%2Fwp%2Fv2%2Ftags&post=2466"}],"curies":[{"name":"wp","href":"https:\/\/api.w.org\/{rel}","templated":true}]}}