{"id":2481,"date":"2017-06-20T14:35:08","date_gmt":"2017-06-20T12:35:08","guid":{"rendered":"http:\/\/moeve-schmelz.de\/?p=2481"},"modified":"2017-06-20T14:35:08","modified_gmt":"2017-06-20T12:35:08","slug":"6-neunkircher-triathlon","status":"publish","type":"post","link":"https:\/\/moeve-schmelz.de\/?p=2481","title":{"rendered":"\\\\ 6. Neunkircher Triathlon"},"content":{"rendered":"<p>Bei perfekten Sportlerwetter fand am vergangenen Sonntag der 6. Neunkircher Triathlon statt. \u00dcber 400 Starter waren in den einzelnen Disziplinen gemeldet. Auch M\u00f6ve-Fahrerin <b>Silvia Irsch<\/b> ging gemeinsam mit <b>Nicole<\/b> <b>Kipping<\/b> ( RV M\u00f6ve Schmelz \/ Tempo Hirzweiler ) und <b>Petra<\/b> <b>J\u00fcrdens<\/b> ( Tempo Hirzweiler ) in einer Damenstaffel an den Start. Startschwimmerin Nicole Kipping absolvierte die 300 m im Schwimmbad \u201eDie Lakei\u201c ( 12 Bahnen ) in hervorragenden 4:49 min und \u00fcbergab bereits als erste Staffelstarterin an Silvia Irsch. Auch sie konnte auf dem Rad \u00fcber die wellige, 20 km lange Radstrecke den Vorsprung weiter ausbauen und \u00fcbergab mit der schnellsten Radzeit in 38 Minuten an L\u00e4uferin Petra J\u00fcrdens. Sie lief die 5,5 km lange Strecke ebenfalls in der schnellsten Staffelzeit und kam nach 26,31 min ins Ziel. Mit einer Gesamtzeit von 1h 11 min und 09 Sek sicherten sich die drei Damen einen souver\u00e4nen Staffelsieg.<\/p>\n<p><a href=\"http:\/\/moeve-schmelz.de\/wp-content\/uploads\/2017\/06\/IMG_20170618_103437.jpg\"><img loading=\"lazy\" decoding=\"async\" class=\"alignnone size-medium wp-image-2486\" alt=\"IMG_20170618_103437\" src=\"http:\/\/moeve-schmelz.de\/wp-content\/uploads\/2017\/06\/IMG_20170618_103437-300x256.jpg\" width=\"300\" height=\"256\" srcset=\"https:\/\/moeve-schmelz.de\/wp-content\/uploads\/2017\/06\/IMG_20170618_103437-300x256.jpg 300w, https:\/\/moeve-schmelz.de\/wp-content\/uploads\/2017\/06\/IMG_20170618_103437-1024x874.jpg 1024w\" sizes=\"auto, (max-width: 300px) 100vw, 300px\" \/><\/a><\/p>\n<p><a href=\"http:\/\/moeve-schmelz.de\/wp-content\/uploads\/2017\/06\/IMG_20170618_140013.jpg\"><img loading=\"lazy\" decoding=\"async\" class=\"alignnone size-medium wp-image-2485\" alt=\"IMG_20170618_140013\" src=\"http:\/\/moeve-schmelz.de\/wp-content\/uploads\/2017\/06\/IMG_20170618_140013-300x246.jpg\" width=\"300\" height=\"246\" srcset=\"https:\/\/moeve-schmelz.de\/wp-content\/uploads\/2017\/06\/IMG_20170618_140013-300x246.jpg 300w, https:\/\/moeve-schmelz.de\/wp-content\/uploads\/2017\/06\/IMG_20170618_140013-1024x842.jpg 1024w\" sizes=\"auto, (max-width: 300px) 100vw, 300px\" \/><\/a><\/p>\n<p>1.Platz (vlnr.) Silvia Irsch, Nicole Kipping, Petra J\u00fcrdens<\/p>\n<p>&nbsp;<\/p>\n<p>Beim Kindertriathlon waren die Geschwister <b>Hanna und Philipp Irsch<\/b> sehr erfolgreich. In der Sch\u00fcler C Klasse Jahrgang 2008\/2009 belegte <strong>Philipp<\/strong> den 3. Platz.<\/p>\n<p><a href=\"http:\/\/moeve-schmelz.de\/wp-content\/uploads\/2017\/06\/IMG_20170618_150411.jpg\"><img loading=\"lazy\" decoding=\"async\" class=\"alignnone size-medium wp-image-2482\" alt=\"IMG_20170618_150411\" src=\"http:\/\/moeve-schmelz.de\/wp-content\/uploads\/2017\/06\/IMG_20170618_150411-300x272.jpg\" width=\"300\" height=\"272\" srcset=\"https:\/\/moeve-schmelz.de\/wp-content\/uploads\/2017\/06\/IMG_20170618_150411-300x272.jpg 300w, https:\/\/moeve-schmelz.de\/wp-content\/uploads\/2017\/06\/IMG_20170618_150411-1024x928.jpg 1024w\" sizes=\"auto, (max-width: 300px) 100vw, 300px\" \/><\/a><\/p>\n<p><strong>Hanna Irsch<\/strong>, die in diesem Jahr bei den Sch\u00fclern B, Jahrgang 2006\/2007 startet, zeigte ebenfalls hervorragende Leistung und gewann den 3. Platz<\/p>\n<p><a href=\"http:\/\/moeve-schmelz.de\/wp-content\/uploads\/2017\/06\/IMG_20170618_153015.jpg\"><img loading=\"lazy\" decoding=\"async\" class=\"alignnone size-medium wp-image-2484\" alt=\"IMG_20170618_153015\" src=\"http:\/\/moeve-schmelz.de\/wp-content\/uploads\/2017\/06\/IMG_20170618_153015-224x300.jpg\" width=\"224\" height=\"300\" srcset=\"https:\/\/moeve-schmelz.de\/wp-content\/uploads\/2017\/06\/IMG_20170618_153015-224x300.jpg 224w, https:\/\/moeve-schmelz.de\/wp-content\/uploads\/2017\/06\/IMG_20170618_153015-768x1024.jpg 768w\" sizes=\"auto, (max-width: 224px) 100vw, 224px\" \/><\/a><\/p>\n","protected":false},"excerpt":{"rendered":"<p>Bei perfekten Sportlerwetter fand am vergangenen Sonntag der 6. Neunkircher Triathlon statt. \u00dcber 400 Starter waren in den einzelnen Disziplinen gemeldet. Auch M\u00f6ve-Fahrerin Silvia Irsch ging gemeinsam mit Nicole Kipping ( RV M\u00f6ve Schmelz \/ Tempo Hirzweiler ) und Petra &hellip; <a href=\"https:\/\/moeve-schmelz.de\/?p=2481\">Weiterlesen <span class=\"meta-nav\">&rarr;<\/span><\/a><\/p>\n","protected":false},"author":5,"featured_media":0,"comment_status":"closed","ping_status":"closed","sticky":false,"template":"","format":"standard","meta":{"footnotes":""},"categories":[1],"tags":[],"class_list":["post-2481","post","type-post","status-publish","format-standard","hentry","category-allgemein"],"_links":{"self":[{"href":"https:\/\/moeve-schmelz.de\/index.php?rest_route=\/wp\/v2\/posts\/2481","targetHints":{"allow":["GET"]}}],"collection":[{"href":"https:\/\/moeve-schmelz.de\/index.php?rest_route=\/wp\/v2\/posts"}],"about":[{"href":"https:\/\/moeve-schmelz.de\/index.php?rest_route=\/wp\/v2\/types\/post"}],"author":[{"embeddable":true,"href":"https:\/\/moeve-schmelz.de\/index.php?rest_route=\/wp\/v2\/users\/5"}],"replies":[{"embeddable":true,"href":"https:\/\/moeve-schmelz.de\/index.php?rest_route=%2Fwp%2Fv2%2Fcomments&post=2481"}],"version-history":[{"count":1,"href":"https:\/\/moeve-schmelz.de\/index.php?rest_route=\/wp\/v2\/posts\/2481\/revisions"}],"predecessor-version":[{"id":2487,"href":"https:\/\/moeve-schmelz.de\/index.php?rest_route=\/wp\/v2\/posts\/2481\/revisions\/2487"}],"wp:attachment":[{"href":"https:\/\/moeve-schmelz.de\/index.php?rest_route=%2Fwp%2Fv2%2Fmedia&parent=2481"}],"wp:term":[{"taxonomy":"category","embeddable":true,"href":"https:\/\/moeve-schmelz.de\/index.php?rest_route=%2Fwp%2Fv2%2Fcategories&post=2481"},{"taxonomy":"post_tag","embeddable":true,"href":"https:\/\/moeve-schmelz.de\/index.php?rest_route=%2Fwp%2Fv2%2Ftags&post=2481"}],"curies":[{"name":"wp","href":"https:\/\/api.w.org\/{rel}","templated":true}]}}