{"id":2527,"date":"2017-07-31T10:26:20","date_gmt":"2017-07-31T08:26:20","guid":{"rendered":"http:\/\/moeve-schmelz.de\/?p=2527"},"modified":"2017-07-31T10:26:20","modified_gmt":"2017-07-31T08:26:20","slug":"13-bikemarathon-in-orscholz","status":"publish","type":"post","link":"https:\/\/moeve-schmelz.de\/?p=2527","title":{"rendered":"13. Bikemarathon in Orscholz"},"content":{"rendered":"<p><span style=\"color: #000000;font-family: Calibri;font-size: medium\">Ein ereignisreiches und spannendes Wochenende liegt hinter den aktiven Radrennsportlern des R V M\u00f6ve Schmelz. Der <strong>Bikemarathon in Orscholz<\/strong> ist seit Jahren fester Bestandteil im Rennkalender der M\u00f6ven . Radsportler aus der ganzen Grossregion sind in verschiedenen Distanzrennen am Start. <\/span><\/p>\n<p><span style=\"color: #000000;font-family: Calibri;font-size: medium\">In diesem Jahr fiel das Radsportwochenende aber ganz besonders gut aus. <\/span><\/p>\n<p><span style=\"color: #000000;font-family: Calibri;font-size: medium\">Den Anfang machten die jungen Rennsportler. <\/span><\/p>\n<p><span style=\"color: #000000;font-family: Calibri;font-size: medium\">\u00a0<\/span><span style=\"color: #000000;font-family: Calibri;font-size: medium\">Im Rennen der U13 Sch\u00fcler belegte <b>Nele Hammer<\/b> einen tollen 6. Platz.<\/span><\/p>\n<p><span style=\"color: #000000;font-family: Calibri;font-size: medium\">\u00a0<\/span><span style=\"color: #000000;font-family: Calibri;font-size: medium\">Auch <b>Kevin Geier<\/b> konnte in seinem ersten U13 Rennen eine sehr gute\u00a0 9. Position herausfahren.<\/span><\/p>\n<p><span style=\"color: #000000;font-family: Calibri;font-size: medium\">\u00a0<\/span><span style=\"font-family: Calibri\"><span style=\"font-size: medium\"><span style=\"color: #000000\"><b>Hanna Irsch<\/b> k\u00e4mpfte im Rennen der U11 mit um den Sieg, musste der Siegerin aber wenige Meter Vorsprung lassen und belegte dennoch einen super zweiten Platz.<\/span><\/span><\/span><\/p>\n<p><span style=\"color: #000000;font-family: Calibri;font-size: medium\">\u00a0<\/span><span style=\"color: #000000;font-family: Calibri;font-size: medium\">Riesen Pech hingegen hatte <b>Philipp Irsch<\/b>. Im Rennen der U9 startete er gleich aus der ersten Reihe und konnte die F\u00fchrungsposition sogar ausbauen. Eigentlich war der Sieg schon fast greifbar, bis er 100 m vor der Ziellinie st\u00fcrzte. Die Konkurrenten kamen \u00a0von hinten heran und fuhren an ihm vorbei. K\u00e4mpferisch verteidigte er jedoch im Sprint seinen zweiten Platz.<\/span><\/p>\n<p><span style=\"color: #000000;font-family: Calibri;font-size: medium\">\u00a0<\/span><span style=\"color: #000000;font-family: Calibri;font-size: medium\">U5 Fahrerin <b>Katharina Irsch<\/b> machte in ihrem dritten Rennen den dritten Sieg perfekt und bescherte dem RV M\u00f6ve die erste Goldmedaille an diesem Tag.<\/span><\/p>\n<p><span style=\"color: #000000;font-family: Calibri;font-size: medium\"><span style=\"color: #000000;font-family: Calibri;font-size: medium\"><a href=\"http:\/\/moeve-schmelz.de\/wp-content\/uploads\/2017\/07\/IMG_20170729_174658.jpg\"><img loading=\"lazy\" decoding=\"async\" class=\"alignnone size-medium wp-image-2528\" alt=\"IMG_20170729_174658\" src=\"http:\/\/moeve-schmelz.de\/wp-content\/uploads\/2017\/07\/IMG_20170729_174658-300x224.jpg\" width=\"300\" height=\"224\" srcset=\"https:\/\/moeve-schmelz.de\/wp-content\/uploads\/2017\/07\/IMG_20170729_174658-300x224.jpg 300w, https:\/\/moeve-schmelz.de\/wp-content\/uploads\/2017\/07\/IMG_20170729_174658-1024x768.jpg 1024w\" sizes=\"auto, (max-width: 300px) 100vw, 300px\" \/><\/a><\/span><\/span><\/p>\n<p>v.l.n.r. Kevin Geier, Philipp Irsch, Katharina Irsch, Hanna Irsch<\/p>\n<p><span style=\"color: #000000;font-family: Calibri;font-size: medium\">\u00a0<\/span><span style=\"color: #000000;font-family: Calibri;font-size: medium\">Ebenfalls den ersten Platz im Rennen der U17 konnte erwartungsgem\u00e4\u00df <b>Marcel Scherer<\/b> einfahren.\u00a0 Die Kurzdistanz \u00fcber 30 km absolvierte er in 1h 20 min.<\/span><\/p>\n<p><span style=\"color: #000000;font-family: Calibri;font-size: medium\">\u00a0<\/span><span style=\"font-family: Calibri\"><span style=\"font-size: medium\"><span style=\"color: #000000\"><b>Thomas Frank<\/b> belegte \u00fcber die 30 km den\u00a0 7. Platz in der Altersklasse Senioren 2.<\/span><\/span><\/span><\/p>\n<p><span style=\"color: #000000;font-family: Calibri;font-size: medium\">\u00a0<\/span><span style=\"font-family: Calibri\"><span style=\"font-size: medium\"><span style=\"color: #000000\"><b>Mathias Hornetz<\/b> wurde im Kurzrennen der Elitefahrer \u00a010.<\/span><\/span><\/span><\/p>\n<p><span style=\"color: #000000;font-family: Calibri;font-size: medium\">Eine wahre Glanzleistung zeigte Elitefahrer <b>Frederik Veith<\/b>. \u00dcber die Mitteldistanz von 55 km durch die W\u00e4lder rund um die Cloef gewann er mit einer Zeit von 2h 07 min mit 36 Sekunden Vorsprung das Rennen und best\u00e4tigt damit einmal mehr seine hervorragende Form in diesem Jahr.<\/span><\/p>\n<p><span style=\"color: #000000;font-family: Calibri;font-size: medium\"><a href=\"http:\/\/moeve-schmelz.de\/wp-content\/uploads\/2017\/07\/IMG-20170730-WA0032.jpg\"><img loading=\"lazy\" decoding=\"async\" class=\"alignnone size-medium wp-image-2529\" alt=\"IMG-20170730-WA0032\" src=\"http:\/\/moeve-schmelz.de\/wp-content\/uploads\/2017\/07\/IMG-20170730-WA0032-285x300.jpg\" width=\"285\" height=\"300\" srcset=\"https:\/\/moeve-schmelz.de\/wp-content\/uploads\/2017\/07\/IMG-20170730-WA0032-285x300.jpg 285w, https:\/\/moeve-schmelz.de\/wp-content\/uploads\/2017\/07\/IMG-20170730-WA0032.jpg 607w\" sizes=\"auto, (max-width: 285px) 100vw, 285px\" \/><\/a><\/span><\/p>\n<p>Sieger \u00fcber die Mitteldistanz Frederik Veith<\/p>\n<p><span style=\"color: #000000;font-family: Calibri;font-size: medium\">\u00a0<\/span><span style=\"font-family: Calibri\"><span style=\"font-size: medium\"><span style=\"color: #000000\"><b>Werner Jager<\/b> belegte \u00fcber die gleiche Distanz den 28. Platz im Rennen der Senioren 3 Fahrer.<\/span><\/span><\/span><\/p>\n<p><span style=\"color: #000000;font-family: Calibri;font-size: medium\">\u00a0<\/span><span style=\"font-family: Calibri\"><span style=\"font-size: medium\"><span style=\"color: #000000\"><b>Christian Alt <\/b>war der einzige M\u00f6ve Fahrer der die gro\u00dfe Distanz \u00fcber 98 km wagte und belegt in 4h 30 min. \u00a0einen sehr guten 8. Platz in der Altersklasse Senioren 1.<\/span><\/span><\/span><\/p>\n","protected":false},"excerpt":{"rendered":"<p>Ein ereignisreiches und spannendes Wochenende liegt hinter den aktiven Radrennsportlern des R V M\u00f6ve Schmelz. Der Bikemarathon in Orscholz ist seit Jahren fester Bestandteil im Rennkalender der M\u00f6ven . Radsportler aus der ganzen Grossregion sind in verschiedenen Distanzrennen am Start. &hellip; <a href=\"https:\/\/moeve-schmelz.de\/?p=2527\">Weiterlesen <span class=\"meta-nav\">&rarr;<\/span><\/a><\/p>\n","protected":false},"author":5,"featured_media":0,"comment_status":"closed","ping_status":"closed","sticky":false,"template":"","format":"standard","meta":{"footnotes":""},"categories":[1],"tags":[],"class_list":["post-2527","post","type-post","status-publish","format-standard","hentry","category-allgemein"],"_links":{"self":[{"href":"https:\/\/moeve-schmelz.de\/index.php?rest_route=\/wp\/v2\/posts\/2527","targetHints":{"allow":["GET"]}}],"collection":[{"href":"https:\/\/moeve-schmelz.de\/index.php?rest_route=\/wp\/v2\/posts"}],"about":[{"href":"https:\/\/moeve-schmelz.de\/index.php?rest_route=\/wp\/v2\/types\/post"}],"author":[{"embeddable":true,"href":"https:\/\/moeve-schmelz.de\/index.php?rest_route=\/wp\/v2\/users\/5"}],"replies":[{"embeddable":true,"href":"https:\/\/moeve-schmelz.de\/index.php?rest_route=%2Fwp%2Fv2%2Fcomments&post=2527"}],"version-history":[{"count":2,"href":"https:\/\/moeve-schmelz.de\/index.php?rest_route=\/wp\/v2\/posts\/2527\/revisions"}],"predecessor-version":[{"id":2531,"href":"https:\/\/moeve-schmelz.de\/index.php?rest_route=\/wp\/v2\/posts\/2527\/revisions\/2531"}],"wp:attachment":[{"href":"https:\/\/moeve-schmelz.de\/index.php?rest_route=%2Fwp%2Fv2%2Fmedia&parent=2527"}],"wp:term":[{"taxonomy":"category","embeddable":true,"href":"https:\/\/moeve-schmelz.de\/index.php?rest_route=%2Fwp%2Fv2%2Fcategories&post=2527"},{"taxonomy":"post_tag","embeddable":true,"href":"https:\/\/moeve-schmelz.de\/index.php?rest_route=%2Fwp%2Fv2%2Ftags&post=2527"}],"curies":[{"name":"wp","href":"https:\/\/api.w.org\/{rel}","templated":true}]}}