{"id":2537,"date":"2017-08-14T22:11:36","date_gmt":"2017-08-14T20:11:36","guid":{"rendered":"http:\/\/moeve-schmelz.de\/?p=2537"},"modified":"2017-08-14T22:49:12","modified_gmt":"2017-08-14T20:49:12","slug":"mtb-saison-geht-weiter","status":"publish","type":"post","link":"https:\/\/moeve-schmelz.de\/?p=2537","title":{"rendered":"\\\\ MTB Saison geht weiter"},"content":{"rendered":"<p>Nach einer kurzen Sommerpause ging am vergangenen Wochenende die MTB Saar-Pfalz-Liga in Hirzweiler weiter. Beim traditionellen Kirmesrennen konnten wieder Punkte f\u00fcr die Cup-Wertung gesammelt werden.<\/p>\n<p>Am fr\u00fchen Morgen mussten die j\u00fcngsten Radsportler\u00a0von U9 bis U15 im Trial ( Technikfahren) \u00a0ihre Startposition f\u00fcr das am Mittag stattfindende MTB Rennen erk\u00e4mpfen.<\/p>\n<p>U9 Fahrer <strong>Philipp Irsch<\/strong> fehlten im Trial 2 Sekunden zum Sieg. Mit dem zweiten Platz sicherte er sich einen Startplatz in der ersten Reihe und belegte im Rennen einen tollen dritten Platz.<\/p>\n<p><a href=\"http:\/\/moeve-schmelz.de\/wp-content\/uploads\/2017\/08\/IMG_20170812_163320.jpg\"><img loading=\"lazy\" decoding=\"async\" class=\"alignnone size-medium wp-image-2541\" alt=\"IMG_20170812_163320\" src=\"http:\/\/moeve-schmelz.de\/wp-content\/uploads\/2017\/08\/IMG_20170812_163320-224x300.jpg\" width=\"224\" height=\"300\" srcset=\"https:\/\/moeve-schmelz.de\/wp-content\/uploads\/2017\/08\/IMG_20170812_163320-224x300.jpg 224w, https:\/\/moeve-schmelz.de\/wp-content\/uploads\/2017\/08\/IMG_20170812_163320-768x1024.jpg 768w\" sizes=\"auto, (max-width: 224px) 100vw, 224px\" \/><\/a><\/p>\n<p>&nbsp;<\/p>\n<p><strong>Hanna Irsch<\/strong> belegte im Trial den 8. Platz. Im darauffolgenden Rennen der U11 Fahrern k\u00e4mpfte sie sich bis zum dritten Platz nach vorne.<\/p>\n<p><a href=\"http:\/\/moeve-schmelz.de\/wp-content\/uploads\/2017\/08\/IMG_20170812_134525.jpg\"><img loading=\"lazy\" decoding=\"async\" class=\"alignnone size-medium wp-image-2543\" alt=\"IMG_20170812_134525\" src=\"http:\/\/moeve-schmelz.de\/wp-content\/uploads\/2017\/08\/IMG_20170812_134525-224x300.jpg\" width=\"224\" height=\"300\" srcset=\"https:\/\/moeve-schmelz.de\/wp-content\/uploads\/2017\/08\/IMG_20170812_134525-224x300.jpg 224w, https:\/\/moeve-schmelz.de\/wp-content\/uploads\/2017\/08\/IMG_20170812_134525-768x1024.jpg 768w\" sizes=\"auto, (max-width: 224px) 100vw, 224px\" \/><\/a><\/p>\n<p>Bei seinem ersten Rennen belegte U13 Fahrer <strong>Fabian Morscheid<\/strong> einen tollen 6. Platz. <strong>Kevin Geier<\/strong> kam im gleichen Rennen auf Platz 8.<\/p>\n<p><a href=\"http:\/\/moeve-schmelz.de\/wp-content\/uploads\/2017\/08\/IMG_20170812_152911.jpg\"><img loading=\"lazy\" decoding=\"async\" class=\"alignnone size-medium wp-image-2546\" alt=\"IMG_20170812_152911\" src=\"http:\/\/moeve-schmelz.de\/wp-content\/uploads\/2017\/08\/IMG_20170812_152911-300x224.jpg\" width=\"300\" height=\"224\" srcset=\"https:\/\/moeve-schmelz.de\/wp-content\/uploads\/2017\/08\/IMG_20170812_152911-300x224.jpg 300w, https:\/\/moeve-schmelz.de\/wp-content\/uploads\/2017\/08\/IMG_20170812_152911-1024x768.jpg 1024w\" sizes=\"auto, (max-width: 300px) 100vw, 300px\" \/><\/a><\/p>\n<p>v.l.n.r. Fabian Morscheid, Katharina Irsch, Hanna Irsch, Philipp Irsch, Kevin Geier<\/p>\n<p>&nbsp;<\/p>\n<p>Bei den weiblichen U13 Fahrerinnen erreichte <strong>Nele Hammer<\/strong> den 6 Platz.<\/p>\n<p><a href=\"http:\/\/moeve-schmelz.de\/wp-content\/uploads\/2017\/08\/IMG_20170812_141844.jpg\"><img loading=\"lazy\" decoding=\"async\" class=\"alignnone size-medium wp-image-2545\" alt=\"IMG_20170812_141844\" src=\"http:\/\/moeve-schmelz.de\/wp-content\/uploads\/2017\/08\/IMG_20170812_141844-224x300.jpg\" width=\"224\" height=\"300\" srcset=\"https:\/\/moeve-schmelz.de\/wp-content\/uploads\/2017\/08\/IMG_20170812_141844-224x300.jpg 224w, https:\/\/moeve-schmelz.de\/wp-content\/uploads\/2017\/08\/IMG_20170812_141844-768x1024.jpg 768w\" sizes=\"auto, (max-width: 224px) 100vw, 224px\" \/><\/a><\/p>\n<p>Etwas angeschlagen ging U17 Fahrer <strong>Marcel Scherer<\/strong> auf die Kurzdistanz \u00fcber 20 km. Hier belegte er den zweiten Platz.<\/p>\n<p>Youngstar <strong>Katharina Irsch<\/strong> machte im vierten Rennen den vierten Sieg in der Klasse der U5 j\u00e4hrigen perfekt.<\/p>\n<p><a href=\"http:\/\/moeve-schmelz.de\/wp-content\/uploads\/2017\/08\/IMG_20170812_162615.jpg\"><img loading=\"lazy\" decoding=\"async\" class=\"alignnone size-medium wp-image-2540\" alt=\"IMG_20170812_162615\" src=\"http:\/\/moeve-schmelz.de\/wp-content\/uploads\/2017\/08\/IMG_20170812_162615-300x224.jpg\" width=\"300\" height=\"224\" srcset=\"https:\/\/moeve-schmelz.de\/wp-content\/uploads\/2017\/08\/IMG_20170812_162615-300x224.jpg 300w, https:\/\/moeve-schmelz.de\/wp-content\/uploads\/2017\/08\/IMG_20170812_162615-1024x768.jpg 1024w\" sizes=\"auto, (max-width: 300px) 100vw, 300px\" \/><\/a><\/p>\n<p>Elitefahrer <strong>Frederik Veith<\/strong> konnte sich gleich nach dem Start mit &#8222;halb Profi &#8220; Marco K\u00f6nig absetzen. Gemeinsam\u00a0fuhren\u00a0sie Runde um Runde den Vorsprung auf die Konkurrenten aus. Durch den immer wieder einsetzenden Regen war die Strecke sehr matschig und rutschig geworden sodass die technischen Passagen immer schwieriger zu befahren waren. Marco K\u00f6nig war Frederik Veith technisch gesehen ein wenig \u00fcberlegen und nutzte kurz vor dem Ziel die Chance auf einen Angriff, dem Frederik nicht mehr kontern konnte. Dennoch beendete er das Rennen nach 30 km auf einem hervorragenden zweiten Platz.<\/p>\n<p><a href=\"http:\/\/moeve-schmelz.de\/wp-content\/uploads\/2017\/08\/IMG_20170812_174703.jpg\"><img loading=\"lazy\" decoding=\"async\" class=\"alignnone size-medium wp-image-2544\" alt=\"IMG_20170812_174703\" src=\"http:\/\/moeve-schmelz.de\/wp-content\/uploads\/2017\/08\/IMG_20170812_174703-224x300.jpg\" width=\"224\" height=\"300\" srcset=\"https:\/\/moeve-schmelz.de\/wp-content\/uploads\/2017\/08\/IMG_20170812_174703-224x300.jpg 224w, https:\/\/moeve-schmelz.de\/wp-content\/uploads\/2017\/08\/IMG_20170812_174703-768x1024.jpg 768w\" sizes=\"auto, (max-width: 224px) 100vw, 224px\" \/><\/a><\/p>\n<p>\u00dcber die gleiche Distanz erk\u00e4mpfte sich <strong>Thomas Frank<\/strong> in der Altersklasse Senioren 2 den 5. Platz.<\/p>\n<p><strong>Stefan Thome<\/strong> belegte im Rennen der Senioren 3 Fahrer den 6. Rang<\/p>\n<p><a href=\"http:\/\/moeve-schmelz.de\/wp-content\/uploads\/2017\/08\/IMG_20170812_172651.jpg\"><img loading=\"lazy\" decoding=\"async\" class=\"alignnone size-medium wp-image-2542\" alt=\"IMG_20170812_172651\" src=\"http:\/\/moeve-schmelz.de\/wp-content\/uploads\/2017\/08\/IMG_20170812_172651-224x300.jpg\" width=\"224\" height=\"300\" srcset=\"https:\/\/moeve-schmelz.de\/wp-content\/uploads\/2017\/08\/IMG_20170812_172651-224x300.jpg 224w, https:\/\/moeve-schmelz.de\/wp-content\/uploads\/2017\/08\/IMG_20170812_172651-768x1024.jpg 768w\" sizes=\"auto, (max-width: 224px) 100vw, 224px\" \/><\/a><\/p>\n","protected":false},"excerpt":{"rendered":"<p>Nach einer kurzen Sommerpause ging am vergangenen Wochenende die MTB Saar-Pfalz-Liga in Hirzweiler weiter. Beim traditionellen Kirmesrennen konnten wieder Punkte f\u00fcr die Cup-Wertung gesammelt werden. Am fr\u00fchen Morgen mussten die j\u00fcngsten Radsportler\u00a0von U9 bis U15 im Trial ( Technikfahren) \u00a0ihre &hellip; <a href=\"https:\/\/moeve-schmelz.de\/?p=2537\">Weiterlesen <span class=\"meta-nav\">&rarr;<\/span><\/a><\/p>\n","protected":false},"author":5,"featured_media":0,"comment_status":"closed","ping_status":"closed","sticky":false,"template":"","format":"standard","meta":{"footnotes":""},"categories":[1],"tags":[],"class_list":["post-2537","post","type-post","status-publish","format-standard","hentry","category-allgemein"],"_links":{"self":[{"href":"https:\/\/moeve-schmelz.de\/index.php?rest_route=\/wp\/v2\/posts\/2537","targetHints":{"allow":["GET"]}}],"collection":[{"href":"https:\/\/moeve-schmelz.de\/index.php?rest_route=\/wp\/v2\/posts"}],"about":[{"href":"https:\/\/moeve-schmelz.de\/index.php?rest_route=\/wp\/v2\/types\/post"}],"author":[{"embeddable":true,"href":"https:\/\/moeve-schmelz.de\/index.php?rest_route=\/wp\/v2\/users\/5"}],"replies":[{"embeddable":true,"href":"https:\/\/moeve-schmelz.de\/index.php?rest_route=%2Fwp%2Fv2%2Fcomments&post=2537"}],"version-history":[{"count":3,"href":"https:\/\/moeve-schmelz.de\/index.php?rest_route=\/wp\/v2\/posts\/2537\/revisions"}],"predecessor-version":[{"id":2547,"href":"https:\/\/moeve-schmelz.de\/index.php?rest_route=\/wp\/v2\/posts\/2537\/revisions\/2547"}],"wp:attachment":[{"href":"https:\/\/moeve-schmelz.de\/index.php?rest_route=%2Fwp%2Fv2%2Fmedia&parent=2537"}],"wp:term":[{"taxonomy":"category","embeddable":true,"href":"https:\/\/moeve-schmelz.de\/index.php?rest_route=%2Fwp%2Fv2%2Fcategories&post=2537"},{"taxonomy":"post_tag","embeddable":true,"href":"https:\/\/moeve-schmelz.de\/index.php?rest_route=%2Fwp%2Fv2%2Ftags&post=2537"}],"curies":[{"name":"wp","href":"https:\/\/api.w.org\/{rel}","templated":true}]}}