{"id":2548,"date":"2017-08-29T11:33:03","date_gmt":"2017-08-29T09:33:03","guid":{"rendered":"http:\/\/moeve-schmelz.de\/?p=2548"},"modified":"2017-08-29T11:34:30","modified_gmt":"2017-08-29T09:34:30","slug":"5-saarlaendischer-mtb-jugendtag","status":"publish","type":"post","link":"https:\/\/moeve-schmelz.de\/?p=2548","title":{"rendered":"\\\\ 5. saarl\u00e4ndischer MTB Jugendtag"},"content":{"rendered":"<p><span style=\"font-size: large\">\u00a0Am 15. August veranstaltete der Saarl\u00e4ndische Radfahrer Bund den 5. Mountainbike Jugendtag. Gastgeber war in diesem Jahr der RV M\u00f6ve Schmelz. \u00dcber 70 Kinder und Jugendliche aus dem ganzen Saarland folgten der Einladung und wurden \u201ein der Heide\u201c von den Jugendtrainern des RV M\u00f6ve Schmelz, aber auch von den Landestrainern und Trainern anderer, befreundete Vereine trainiert. Am Vormittag wurde Radtechniktraining gro\u00df geschrieben. Kleine- und gro\u00dfe Radrennsportler, Wettk\u00e4mpfer und Hobbyfahrer von 7-15 Jahren wurden in das kleine 1&#215;1 der Radbeherrschung eingewiesen. Ob Abfahrtstraining, Kurven- und Bremstechnik, oder auch das von Landestrainier Joachim J\u00e4ckel angebotene Trial wurde den Kindern und Jugendlichen spielerisch und professionell beigebracht.<\/span><\/p>\n<p><span style=\"font-size: large\">Nach zwei Stunden Radtechnik wurde ein gemeinsames Mittagessen angeboten, bei dem sich jeder f\u00fcr die zweite Tagesh\u00e4lfte st\u00e4rken konnte. Denn nach dem Essen konnten die Kinder und Jugendlichen in verschiedenen, altersentsprechenden Radtouren beweisen, was sie morgens gelernt hatten. Es ging mit den Trainern f\u00fcr ca. zwei Stunden in den Schmelzer und H\u00fcttersdorfer Wald, wo zwischen 15-30 km lange Strecken gefahren wurden.<\/span><\/p>\n<p><span style=\"font-size: large\">Die Kinder die nicht mitwollten, trainieren auf dem aufgebauten Trialparkurs flei\u00dfig weiter.<\/span><\/p>\n<p><span style=\"font-size: large\">Auch f\u00fcr die Eltern wurde ein interessantes Programm geboten. W\u00e4hrend die Kinder und Jugendlichen trainierten, bot der RV M\u00f6ve Schmelz verschiedene Radtouren an, wo auch so manches Elternteil kr\u00e4ftig in die Pedale treten musste&#8230;<\/span><\/p>\n<p><span style=\"font-size: large\">Es war eine sehr tolle Veranstaltung und der RV M\u00f6ve Schmelz bedankt sich bei allen, die diesen Tag so perfekt gemacht haben. Auch positiv zu erw\u00e4hnen, war das spontane und unkomplizierte Mithelfen anderer Trainer aus saarl\u00e4ndischen Radvereinen, die uns somit in einer tollen Form unterst\u00fctzten.<\/span><\/p>\n<p><span style=\"font-size: large\"><a href=\"http:\/\/moeve-schmelz.de\/wp-content\/uploads\/2017\/08\/IMG-20170828-WA0023.jpg\"><img loading=\"lazy\" decoding=\"async\" class=\"alignnone size-medium wp-image-2550\" alt=\"IMG-20170828-WA0023\" src=\"http:\/\/moeve-schmelz.de\/wp-content\/uploads\/2017\/08\/IMG-20170828-WA0023-300x225.jpg\" width=\"300\" height=\"225\" srcset=\"https:\/\/moeve-schmelz.de\/wp-content\/uploads\/2017\/08\/IMG-20170828-WA0023-300x225.jpg 300w, https:\/\/moeve-schmelz.de\/wp-content\/uploads\/2017\/08\/IMG-20170828-WA0023-1024x768.jpg 1024w, https:\/\/moeve-schmelz.de\/wp-content\/uploads\/2017\/08\/IMG-20170828-WA0023.jpg 1280w\" sizes=\"auto, (max-width: 300px) 100vw, 300px\" \/><\/a><\/span><\/p>\n<p><span style=\"font-size: large\">\u00a0<\/span><\/p>\n","protected":false},"excerpt":{"rendered":"<p>\u00a0Am 15. August veranstaltete der Saarl\u00e4ndische Radfahrer Bund den 5. Mountainbike Jugendtag. Gastgeber war in diesem Jahr der RV M\u00f6ve Schmelz. \u00dcber 70 Kinder und Jugendliche aus dem ganzen Saarland folgten der Einladung und wurden \u201ein der Heide\u201c von den &hellip; <a href=\"https:\/\/moeve-schmelz.de\/?p=2548\">Weiterlesen <span class=\"meta-nav\">&rarr;<\/span><\/a><\/p>\n","protected":false},"author":5,"featured_media":0,"comment_status":"closed","ping_status":"closed","sticky":false,"template":"","format":"standard","meta":{"footnotes":""},"categories":[1],"tags":[],"class_list":["post-2548","post","type-post","status-publish","format-standard","hentry","category-allgemein"],"_links":{"self":[{"href":"https:\/\/moeve-schmelz.de\/index.php?rest_route=\/wp\/v2\/posts\/2548","targetHints":{"allow":["GET"]}}],"collection":[{"href":"https:\/\/moeve-schmelz.de\/index.php?rest_route=\/wp\/v2\/posts"}],"about":[{"href":"https:\/\/moeve-schmelz.de\/index.php?rest_route=\/wp\/v2\/types\/post"}],"author":[{"embeddable":true,"href":"https:\/\/moeve-schmelz.de\/index.php?rest_route=\/wp\/v2\/users\/5"}],"replies":[{"embeddable":true,"href":"https:\/\/moeve-schmelz.de\/index.php?rest_route=%2Fwp%2Fv2%2Fcomments&post=2548"}],"version-history":[{"count":3,"href":"https:\/\/moeve-schmelz.de\/index.php?rest_route=\/wp\/v2\/posts\/2548\/revisions"}],"predecessor-version":[{"id":2552,"href":"https:\/\/moeve-schmelz.de\/index.php?rest_route=\/wp\/v2\/posts\/2548\/revisions\/2552"}],"wp:attachment":[{"href":"https:\/\/moeve-schmelz.de\/index.php?rest_route=%2Fwp%2Fv2%2Fmedia&parent=2548"}],"wp:term":[{"taxonomy":"category","embeddable":true,"href":"https:\/\/moeve-schmelz.de\/index.php?rest_route=%2Fwp%2Fv2%2Fcategories&post=2548"},{"taxonomy":"post_tag","embeddable":true,"href":"https:\/\/moeve-schmelz.de\/index.php?rest_route=%2Fwp%2Fv2%2Ftags&post=2548"}],"curies":[{"name":"wp","href":"https:\/\/api.w.org\/{rel}","templated":true}]}}