{"id":2553,"date":"2017-08-30T10:38:27","date_gmt":"2017-08-30T08:38:27","guid":{"rendered":"http:\/\/moeve-schmelz.de\/?p=2553"},"modified":"2020-02-24T19:03:10","modified_gmt":"2020-02-24T17:03:10","slug":"zu-gast-in-birkenfeld-bei-den-radpiraten","status":"publish","type":"post","link":"https:\/\/moeve-schmelz.de\/?p=2553","title":{"rendered":"\\\\ Zu Gast in Birkenfeld bei den Radpiraten"},"content":{"rendered":"<p>Vergangenes Wochenende stand das 5 von 8 Rennen der MTB Saar Pfalz Liga auf dem Rennplan der Mountainbiker des RV M\u00f6ve Schmelz. Wie auch beim Rennen in Hirzweiler, folgte vor dem eigentlichen MTB Rennen eine Technikpr\u00fcfung, f\u00fcr die es je nach Fehlerzahl Punkte gab und das Gesamtergebnis mit beeinflusste.<\/p>\n<p>Aber bevor die jungen Cup- Fahrer ihre Punkte sammeln konnten, machten die ganz Kleinen den Rennanfang. U5 Fahrerin <b>Katharina Irsch<\/b> ist auch in ihrem 5. Rennen nicht zu stoppen. Nach drei, relativ schweren Runden \u00fcber Asphalt und Wiese fuhr sie mit 32 Sekunden Vorsprung \u00fcber die Ziellinie und machte ihren 5. Sieg in dieser Saison perfekt.<\/p>\n<p><a href=\"http:\/\/moeve-schmelz.de\/wp-content\/uploads\/2017\/08\/Katharina.jpg\"><img loading=\"lazy\" decoding=\"async\" class=\"alignnone size-medium wp-image-2554\" alt=\"Katharina\" src=\"http:\/\/moeve-schmelz.de\/wp-content\/uploads\/2017\/08\/Katharina-294x300.jpg\" width=\"294\" height=\"300\" srcset=\"https:\/\/moeve-schmelz.de\/wp-content\/uploads\/2017\/08\/Katharina-294x300.jpg 294w, https:\/\/moeve-schmelz.de\/wp-content\/uploads\/2017\/08\/Katharina-1004x1024.jpg 1004w\" sizes=\"auto, (max-width: 294px) 100vw, 294px\" \/><\/a><\/p>\n<p>U9 Fahrer <b>Philipp Irsch<\/b> konnte sich mit\u00a0Null Fehlerpunkte bereits eine sehr gute Ausgangsposition f\u00fcr das folgende MTB Rennen sichern. In der ersten Runde gab es leider einen Sturz, in den Philipp verwickelt war und dadurch auf Platz 24 durchgereicht wurde. Danach folgte eine furiose Aufholjagd und er k\u00e4mpfte er sich noch auf Platz 6. vor.<\/p>\n<p><a href=\"http:\/\/moeve-schmelz.de\/wp-content\/uploads\/2017\/08\/Philipp_I.jpg\"><img loading=\"lazy\" decoding=\"async\" class=\"alignnone size-medium wp-image-2558\" alt=\"pHILIPP\" src=\"http:\/\/moeve-schmelz.de\/wp-content\/uploads\/2017\/08\/pHILIPP-265x300.jpg\" width=\"265\" height=\"300\" srcset=\"https:\/\/moeve-schmelz.de\/wp-content\/uploads\/2017\/08\/pHILIPP-265x300.jpg 265w, https:\/\/moeve-schmelz.de\/wp-content\/uploads\/2017\/08\/pHILIPP-904x1024.jpg 904w\" sizes=\"auto, (max-width: 265px) 100vw, 265px\" \/><\/a><\/p>\n<p><b>Hanna<\/b> <b>Irsch<\/b> hatte beim Technikparkours der U11 Fahrer etwas Probleme und startete im darauffolgenden Rennen nur von Platz 8. Dort erk\u00e4mpfte sie sich aber Runde um Runde vordere Positionen ein und gewann schlussendlich das Rennen der U11.Im Gesamtergebnis Trial und MTB Rennen wurde sie 5.<\/p>\n<p><a href=\"http:\/\/moeve-schmelz.de\/wp-content\/uploads\/2017\/08\/Hanna_I.jpg\"><img loading=\"lazy\" decoding=\"async\" class=\"alignnone size-medium wp-image-2557\" alt=\"hANNA\" src=\"http:\/\/moeve-schmelz.de\/wp-content\/uploads\/2017\/08\/hANNA-224x300.jpg\" width=\"224\" height=\"300\" srcset=\"https:\/\/moeve-schmelz.de\/wp-content\/uploads\/2017\/08\/hANNA-224x300.jpg 224w, https:\/\/moeve-schmelz.de\/wp-content\/uploads\/2017\/08\/hANNA-768x1024.jpg 768w\" sizes=\"auto, (max-width: 224px) 100vw, 224px\" \/><\/a><\/p>\n<p><b>Nele Hammer<\/b> erging es im Trial \u00e4hnlich. Aber auch sie k\u00e4mpfte und belegte im Rennen der Sch\u00fcler U13 den 6. Platz.<\/p>\n<p><a href=\"http:\/\/moeve-schmelz.de\/wp-content\/uploads\/2017\/08\/Nele.jpg\"><img loading=\"lazy\" decoding=\"async\" class=\"alignnone size-medium wp-image-2555\" alt=\"Nele\" src=\"http:\/\/moeve-schmelz.de\/wp-content\/uploads\/2017\/08\/Nele-224x300.jpg\" width=\"224\" height=\"300\" srcset=\"https:\/\/moeve-schmelz.de\/wp-content\/uploads\/2017\/08\/Nele-224x300.jpg 224w, https:\/\/moeve-schmelz.de\/wp-content\/uploads\/2017\/08\/Nele-768x1024.jpg 768w\" sizes=\"auto, (max-width: 224px) 100vw, 224px\" \/><\/a><\/p>\n<p>U17 Fahrer <b>Marcel Scherer <\/b>absolvierte, wie Vereinskollege Philipp Irsch, einen fehlerfreien Techniklauf, sodass auch er beim Rennen in der vorderen Position angreifen konnte. Im Rennen belegte er den zweiten Platz. Durch die Technikpunkte vom Trial und dem zweiten Platz im Rennen konnte er sich jedoch den Gesamtsieg sichern.<\/p>\n<p>Dass Elitefahrer <b>Frederik<\/b> <b>Veith<\/b> zurzeit in einer hervorragenden Form ist, wissen die Konkurrenten nicht erst seit seinem Sieg in Orscholz. Auch in Birkenfeld war Frederik unbesiegbar und belegte mit 40 Sekunden Vorsprung den ersten Platz der Elite.<\/p>\n<p><a href=\"http:\/\/moeve-schmelz.de\/wp-content\/uploads\/2017\/08\/Freddy.jpg\"><img loading=\"lazy\" decoding=\"async\" class=\"alignnone size-medium wp-image-2556\" alt=\"Freddy\" src=\"http:\/\/moeve-schmelz.de\/wp-content\/uploads\/2017\/08\/Freddy-300x213.jpg\" width=\"300\" height=\"213\" srcset=\"https:\/\/moeve-schmelz.de\/wp-content\/uploads\/2017\/08\/Freddy-300x213.jpg 300w, https:\/\/moeve-schmelz.de\/wp-content\/uploads\/2017\/08\/Freddy-1024x728.jpg 1024w, https:\/\/moeve-schmelz.de\/wp-content\/uploads\/2017\/08\/Freddy.jpg 2048w\" sizes=\"auto, (max-width: 300px) 100vw, 300px\" \/><\/a><\/p>\n<p>Ebenfalls auf dem Podium stand Thomas Frank. Im Rennen der Senioren 2 Fahrer belegte er den dritten Platz.<\/p>\n","protected":false},"excerpt":{"rendered":"<p>Vergangenes Wochenende stand das 5 von 8 Rennen der MTB Saar Pfalz Liga auf dem Rennplan der Mountainbiker des RV M\u00f6ve Schmelz. Wie auch beim Rennen in Hirzweiler, folgte vor dem eigentlichen MTB Rennen eine Technikpr\u00fcfung, f\u00fcr die es je &hellip; <a href=\"https:\/\/moeve-schmelz.de\/?p=2553\">Weiterlesen <span class=\"meta-nav\">&rarr;<\/span><\/a><\/p>\n","protected":false},"author":5,"featured_media":0,"comment_status":"closed","ping_status":"closed","sticky":false,"template":"","format":"standard","meta":{"footnotes":""},"categories":[1],"tags":[],"class_list":["post-2553","post","type-post","status-publish","format-standard","hentry","category-allgemein"],"_links":{"self":[{"href":"https:\/\/moeve-schmelz.de\/index.php?rest_route=\/wp\/v2\/posts\/2553","targetHints":{"allow":["GET"]}}],"collection":[{"href":"https:\/\/moeve-schmelz.de\/index.php?rest_route=\/wp\/v2\/posts"}],"about":[{"href":"https:\/\/moeve-schmelz.de\/index.php?rest_route=\/wp\/v2\/types\/post"}],"author":[{"embeddable":true,"href":"https:\/\/moeve-schmelz.de\/index.php?rest_route=\/wp\/v2\/users\/5"}],"replies":[{"embeddable":true,"href":"https:\/\/moeve-schmelz.de\/index.php?rest_route=%2Fwp%2Fv2%2Fcomments&post=2553"}],"version-history":[{"count":3,"href":"https:\/\/moeve-schmelz.de\/index.php?rest_route=\/wp\/v2\/posts\/2553\/revisions"}],"predecessor-version":[{"id":3083,"href":"https:\/\/moeve-schmelz.de\/index.php?rest_route=\/wp\/v2\/posts\/2553\/revisions\/3083"}],"wp:attachment":[{"href":"https:\/\/moeve-schmelz.de\/index.php?rest_route=%2Fwp%2Fv2%2Fmedia&parent=2553"}],"wp:term":[{"taxonomy":"category","embeddable":true,"href":"https:\/\/moeve-schmelz.de\/index.php?rest_route=%2Fwp%2Fv2%2Fcategories&post=2553"},{"taxonomy":"post_tag","embeddable":true,"href":"https:\/\/moeve-schmelz.de\/index.php?rest_route=%2Fwp%2Fv2%2Ftags&post=2553"}],"curies":[{"name":"wp","href":"https:\/\/api.w.org\/{rel}","templated":true}]}}