{"id":2560,"date":"2017-08-30T11:06:26","date_gmt":"2017-08-30T09:06:26","guid":{"rendered":"http:\/\/moeve-schmelz.de\/?p=2560"},"modified":"2017-09-10T22:33:35","modified_gmt":"2017-09-10T20:33:35","slug":"letzter-kinder-und-schuelertriathlon-in-saison-2017","status":"publish","type":"post","link":"https:\/\/moeve-schmelz.de\/?p=2560","title":{"rendered":"\\\\ Sch\u00fclertriathlon in Illingen und Saarlandmeisterschaften in Bosen"},"content":{"rendered":"<p>Am 28. August\u00a0starteten Hanna und Philipp Irsch beim letzten Kinder- und Sch\u00fclercup Triathlon in der Saison 2017. Ausgetragen wurde die Veranstaltung zum 4. Mal vom SC Illingen.<\/p>\n<p><strong>Hanna Irsch,<\/strong> die im Jahrgang 2007\/2006 antrat, und mit Jahrgang 2007 eine der J\u00fcngsten ist, \u00a0zeigte eine b\u00e4renstarke Vorstellung. Nach der 7. besten Schwimmzeit (100 m ) fuhr sie mit der 3. besten Radzeit ( \u00fcber 2,5 km ) und der 2. schnellsten Laufzeit (800 m ) im einer Gesamtzeit von 12:25 Minuten auf einen tollen dritten Platz.<\/p>\n<p><a href=\"http:\/\/moeve-schmelz.de\/wp-content\/uploads\/2017\/08\/IMG_20170830_105809.jpg\"><img loading=\"lazy\" decoding=\"async\" class=\"alignnone size-medium wp-image-2565\" alt=\"IMG_20170830_105809\" src=\"http:\/\/moeve-schmelz.de\/wp-content\/uploads\/2017\/08\/IMG_20170830_105809-300x293.jpg\" width=\"300\" height=\"293\" srcset=\"https:\/\/moeve-schmelz.de\/wp-content\/uploads\/2017\/08\/IMG_20170830_105809-300x293.jpg 300w, https:\/\/moeve-schmelz.de\/wp-content\/uploads\/2017\/08\/IMG_20170830_105809-1024x1002.jpg 1024w\" sizes=\"auto, (max-width: 300px) 100vw, 300px\" \/><\/a><\/p>\n<p><a href=\"http:\/\/moeve-schmelz.de\/wp-content\/uploads\/2017\/08\/IMG_20170827_153625.jpg\"><img loading=\"lazy\" decoding=\"async\" class=\"alignnone size-medium wp-image-2564\" alt=\"IMG_20170827_153625\" src=\"http:\/\/moeve-schmelz.de\/wp-content\/uploads\/2017\/08\/IMG_20170827_153625-300x224.jpg\" width=\"300\" height=\"224\" srcset=\"https:\/\/moeve-schmelz.de\/wp-content\/uploads\/2017\/08\/IMG_20170827_153625-300x224.jpg 300w, https:\/\/moeve-schmelz.de\/wp-content\/uploads\/2017\/08\/IMG_20170827_153625-1024x768.jpg 1024w\" sizes=\"auto, (max-width: 300px) 100vw, 300px\" \/><\/a><\/p>\n<p><strong>Philipp Irsch,<\/strong> Jahrgang 2008\/2009, der ebenfalls mit Jahrgang 2009 zu den J\u00fcngsten der Altersklasse geh\u00f6rt, kam nach einer relativ guten Schwimmzeit \u00fcber 50 m aus dem Wasser und wechselte als 9. aufs Rennrad. Dort konnte er seine St\u00e4rke ausspielen und konnte nach 2,5 km auf den zweiten Platz vorfahren. Beim Laufen \u00fcber 400 m passierte ihm allerdings ein kleines Missgeschick und er vorlor einen Schuh. Dadurch b\u00fc\u00dfte er drei Positionen ein und belegte nach 10:44 Minuten\u00a0den 5. Platz.<\/p>\n<p><a href=\"http:\/\/moeve-schmelz.de\/wp-content\/uploads\/2017\/08\/IMG_20170827_115748.jpg\"><img loading=\"lazy\" decoding=\"async\" class=\"alignnone size-medium wp-image-2562\" alt=\"IMG_20170827_115748\" src=\"http:\/\/moeve-schmelz.de\/wp-content\/uploads\/2017\/08\/IMG_20170827_115748-224x300.jpg\" width=\"224\" height=\"300\" srcset=\"https:\/\/moeve-schmelz.de\/wp-content\/uploads\/2017\/08\/IMG_20170827_115748-224x300.jpg 224w, https:\/\/moeve-schmelz.de\/wp-content\/uploads\/2017\/08\/IMG_20170827_115748-768x1024.jpg 768w\" sizes=\"auto, (max-width: 224px) 100vw, 224px\" \/><\/a>\u00a0\u00a0\u00a0\u00a0\u00a0 <a href=\"http:\/\/moeve-schmelz.de\/wp-content\/uploads\/2017\/08\/IMG_20170827_120029.jpg\"><img loading=\"lazy\" decoding=\"async\" class=\"alignnone size-medium wp-image-2563\" alt=\"IMG_20170827_120029\" src=\"http:\/\/moeve-schmelz.de\/wp-content\/uploads\/2017\/08\/IMG_20170827_120029-224x300.jpg\" width=\"224\" height=\"300\" srcset=\"https:\/\/moeve-schmelz.de\/wp-content\/uploads\/2017\/08\/IMG_20170827_120029-224x300.jpg 224w, https:\/\/moeve-schmelz.de\/wp-content\/uploads\/2017\/08\/IMG_20170827_120029-768x1024.jpg 768w\" sizes=\"auto, (max-width: 224px) 100vw, 224px\" \/><\/a><\/p>\n<p>Eine Woche sp\u00e4ter ging <b>Benny Irsch<\/b> bei den Saarlandmeisterschaften im Triathlon am Bostalsee an den Start. Nach f\u00fcnfmonatiger Laufpause, aufgrund eines Haarrisses im Schienbein, den er sich bei der Deutschen Meisterschaft im Crossduathlon im M\u00e4rz zugezogen hatte gelang ihm in Bosen ein tolles Comeback. Auf der Olympischen Distanz \u00fcber 1,5 km schwimmen, 40 km Radfahren und 10 km laufen belegte er den zweiten Platz in seiner Altersklasse M35 und gewann die Silbermedaille bei den Saarlandmeisterschaften.<\/p>\n<p><a href=\"http:\/\/moeve-schmelz.de\/wp-content\/uploads\/2017\/08\/IMG_20170903_153608.jpg\"><img loading=\"lazy\" decoding=\"async\" class=\"alignnone size-medium wp-image-2576\" alt=\"IMG_20170903_153608\" src=\"http:\/\/moeve-schmelz.de\/wp-content\/uploads\/2017\/08\/IMG_20170903_153608-224x300.jpg\" width=\"224\" height=\"300\" srcset=\"https:\/\/moeve-schmelz.de\/wp-content\/uploads\/2017\/08\/IMG_20170903_153608-224x300.jpg 224w, https:\/\/moeve-schmelz.de\/wp-content\/uploads\/2017\/08\/IMG_20170903_153608-768x1024.jpg 768w\" sizes=\"auto, (max-width: 224px) 100vw, 224px\" \/><\/a><\/p>\n<p>&nbsp;<\/p>\n<p>&nbsp;<\/p>\n","protected":false},"excerpt":{"rendered":"<p>Am 28. August\u00a0starteten Hanna und Philipp Irsch beim letzten Kinder- und Sch\u00fclercup Triathlon in der Saison 2017. Ausgetragen wurde die Veranstaltung zum 4. Mal vom SC Illingen. Hanna Irsch, die im Jahrgang 2007\/2006 antrat, und mit Jahrgang 2007 eine der &hellip; <a href=\"https:\/\/moeve-schmelz.de\/?p=2560\">Weiterlesen <span class=\"meta-nav\">&rarr;<\/span><\/a><\/p>\n","protected":false},"author":5,"featured_media":0,"comment_status":"closed","ping_status":"closed","sticky":false,"template":"","format":"standard","meta":{"footnotes":""},"categories":[1],"tags":[],"class_list":["post-2560","post","type-post","status-publish","format-standard","hentry","category-allgemein"],"_links":{"self":[{"href":"https:\/\/moeve-schmelz.de\/index.php?rest_route=\/wp\/v2\/posts\/2560","targetHints":{"allow":["GET"]}}],"collection":[{"href":"https:\/\/moeve-schmelz.de\/index.php?rest_route=\/wp\/v2\/posts"}],"about":[{"href":"https:\/\/moeve-schmelz.de\/index.php?rest_route=\/wp\/v2\/types\/post"}],"author":[{"embeddable":true,"href":"https:\/\/moeve-schmelz.de\/index.php?rest_route=\/wp\/v2\/users\/5"}],"replies":[{"embeddable":true,"href":"https:\/\/moeve-schmelz.de\/index.php?rest_route=%2Fwp%2Fv2%2Fcomments&post=2560"}],"version-history":[{"count":5,"href":"https:\/\/moeve-schmelz.de\/index.php?rest_route=\/wp\/v2\/posts\/2560\/revisions"}],"predecessor-version":[{"id":2599,"href":"https:\/\/moeve-schmelz.de\/index.php?rest_route=\/wp\/v2\/posts\/2560\/revisions\/2599"}],"wp:attachment":[{"href":"https:\/\/moeve-schmelz.de\/index.php?rest_route=%2Fwp%2Fv2%2Fmedia&parent=2560"}],"wp:term":[{"taxonomy":"category","embeddable":true,"href":"https:\/\/moeve-schmelz.de\/index.php?rest_route=%2Fwp%2Fv2%2Fcategories&post=2560"},{"taxonomy":"post_tag","embeddable":true,"href":"https:\/\/moeve-schmelz.de\/index.php?rest_route=%2Fwp%2Fv2%2Ftags&post=2560"}],"curies":[{"name":"wp","href":"https:\/\/api.w.org\/{rel}","templated":true}]}}