{"id":2578,"date":"2017-09-09T22:33:23","date_gmt":"2017-09-09T20:33:23","guid":{"rendered":"http:\/\/moeve-schmelz.de\/?p=2578"},"modified":"2017-09-10T21:49:11","modified_gmt":"2017-09-10T19:49:11","slug":"moeven-in-der-hoelle","status":"publish","type":"post","link":"https:\/\/moeve-schmelz.de\/?p=2578","title":{"rendered":"\\\\ M\u00f6ven in der H\u00f6lle"},"content":{"rendered":"<p>Das MTB Rennen &#8222;Gr\u00fcne H\u00f6lle&#8220; in Freisen ist seit Jahren Bestandteil der MTB Saar-Pfalz Liga. Anspruchsvolle Trails quer durch den Wald, st\u00e4ndiger Wechsel zwischen kurzen knackigen Anstiegen und giftigen Abfahrten und nat\u00fcrlich das Regenwetter machten die Strecke sprichw\u00f6rtlich zur H\u00f6lle.<\/p>\n<p>F\u00fcr den RV M\u00f6ve machte <b>Philipp Irsch<\/b> im Rennen der U9 Fahrer bereits einen Platz auf dem Podium klar. Leider wurde er durch ein unsportliches Verhalten eines Mitkonkurrenzen, der ihm am \u00dcberholen hinderte und somit zu Fall brachte \u201enur\u201c dritter. Dennoch sammelte er durch den dritten Platz weiter wertvolle Punkte f\u00fcr die Cup Wertung.<\/p>\n<p><a href=\"http:\/\/moeve-schmelz.de\/wp-content\/uploads\/2017\/09\/IMG_20170909_133009.jpg\"><img loading=\"lazy\" decoding=\"async\" class=\"alignnone size-medium wp-image-2580\" alt=\"IMG_20170909_133009\" src=\"http:\/\/moeve-schmelz.de\/wp-content\/uploads\/2017\/09\/IMG_20170909_133009-300x224.jpg\" width=\"300\" height=\"224\" srcset=\"https:\/\/moeve-schmelz.de\/wp-content\/uploads\/2017\/09\/IMG_20170909_133009-300x224.jpg 300w, https:\/\/moeve-schmelz.de\/wp-content\/uploads\/2017\/09\/IMG_20170909_133009-1024x768.jpg 1024w\" sizes=\"auto, (max-width: 300px) 100vw, 300px\" \/><\/a><\/p>\n<p>Im Rennen der U13 Fahrern standen <b>Fabian Morscheid<\/b> und <b>Kevin Geier<\/b> am Start. Beide absolvierten ein klasse Rennen und belegten die Pl\u00e4tze 7 und 8.<\/p>\n<p><b>Nele Hammer,<\/b> die bei den M\u00e4dchen U13 gewertet wurde, platzierte sich auf dem 4. Platz.<\/p>\n<p><a href=\"http:\/\/moeve-schmelz.de\/wp-content\/uploads\/2017\/09\/IMG_20170909_132502.jpg\"><img loading=\"lazy\" decoding=\"async\" class=\"alignnone size-medium wp-image-2579\" alt=\"IMG_20170909_132502\" src=\"http:\/\/moeve-schmelz.de\/wp-content\/uploads\/2017\/09\/IMG_20170909_132502-300x224.jpg\" width=\"300\" height=\"224\" srcset=\"https:\/\/moeve-schmelz.de\/wp-content\/uploads\/2017\/09\/IMG_20170909_132502-300x224.jpg 300w, https:\/\/moeve-schmelz.de\/wp-content\/uploads\/2017\/09\/IMG_20170909_132502-1024x768.jpg 1024w\" sizes=\"auto, (max-width: 300px) 100vw, 300px\" \/><\/a><\/p>\n<p>Das Eliterennen \u00fcber 9 Runden ging erwartungsgem\u00e4\u00df an <b>Frederik Veith<\/b>. Auch ein \u201ePlattfuss\u201c in der vierten Runde konnte ihn nicht stoppen und er fuhr nach knapp zwei Stunden als sover\u00e4ner Sieger ins Ziel.<\/p>\n<p><a href=\"http:\/\/moeve-schmelz.de\/wp-content\/uploads\/2017\/09\/IMG_20170909_165406.jpg\"><img loading=\"lazy\" decoding=\"async\" class=\"alignnone size-medium wp-image-2583\" alt=\"IMG_20170909_165406\" src=\"http:\/\/moeve-schmelz.de\/wp-content\/uploads\/2017\/09\/IMG_20170909_165406-174x300.jpg\" width=\"174\" height=\"300\" srcset=\"https:\/\/moeve-schmelz.de\/wp-content\/uploads\/2017\/09\/IMG_20170909_165406-174x300.jpg 174w, https:\/\/moeve-schmelz.de\/wp-content\/uploads\/2017\/09\/IMG_20170909_165406-596x1024.jpg 596w\" sizes=\"auto, (max-width: 174px) 100vw, 174px\" \/><\/a>\u00a0<a href=\"http:\/\/moeve-schmelz.de\/wp-content\/uploads\/2017\/09\/IMG_20170909_183645.jpg\"><img loading=\"lazy\" decoding=\"async\" class=\"alignnone size-medium wp-image-2584\" alt=\"IMG_20170909_183645\" src=\"http:\/\/moeve-schmelz.de\/wp-content\/uploads\/2017\/09\/IMG_20170909_183645-300x224.jpg\" width=\"300\" height=\"224\" srcset=\"https:\/\/moeve-schmelz.de\/wp-content\/uploads\/2017\/09\/IMG_20170909_183645-300x224.jpg 300w, https:\/\/moeve-schmelz.de\/wp-content\/uploads\/2017\/09\/IMG_20170909_183645-1024x768.jpg 1024w\" sizes=\"auto, (max-width: 300px) 100vw, 300px\" \/><\/a><\/p>\n<p>Ebenfalls einen Sieg fuhren <b>Tino Kipping<\/b> und <b>Benny Irsch<\/b> in der Teamwertung heraus. Im st\u00e4ndigen Wechsel fuhren die beiden nach zwei Stunden mit einem knappen Vorsprung auf den ersten Platz.<a href=\"http:\/\/moeve-schmelz.de\/wp-content\/uploads\/2017\/09\/IMG_20170909_160338.jpg\"><img loading=\"lazy\" decoding=\"async\" class=\"alignnone size-medium wp-image-2581\" alt=\"IMG_20170909_160338\" src=\"http:\/\/moeve-schmelz.de\/wp-content\/uploads\/2017\/09\/IMG_20170909_160338-224x300.jpg\" width=\"224\" height=\"300\" srcset=\"https:\/\/moeve-schmelz.de\/wp-content\/uploads\/2017\/09\/IMG_20170909_160338-224x300.jpg 224w, https:\/\/moeve-schmelz.de\/wp-content\/uploads\/2017\/09\/IMG_20170909_160338-768x1024.jpg 768w\" sizes=\"auto, (max-width: 224px) 100vw, 224px\" \/><\/a>\u00a0 <a href=\"http:\/\/moeve-schmelz.de\/wp-content\/uploads\/2017\/09\/IMG_20170909_162843.jpg\"><img loading=\"lazy\" decoding=\"async\" class=\"alignnone size-medium wp-image-2582\" alt=\"IMG_20170909_162843\" src=\"http:\/\/moeve-schmelz.de\/wp-content\/uploads\/2017\/09\/IMG_20170909_162843-198x300.jpg\" width=\"198\" height=\"300\" srcset=\"https:\/\/moeve-schmelz.de\/wp-content\/uploads\/2017\/09\/IMG_20170909_162843-198x300.jpg 198w, https:\/\/moeve-schmelz.de\/wp-content\/uploads\/2017\/09\/IMG_20170909_162843-677x1024.jpg 677w, https:\/\/moeve-schmelz.de\/wp-content\/uploads\/2017\/09\/IMG_20170909_162843.jpg 1791w\" sizes=\"auto, (max-width: 198px) 100vw, 198px\" \/><\/a><\/p>\n<p><a href=\"http:\/\/moeve-schmelz.de\/wp-content\/uploads\/2017\/09\/IMG_20170909_184641.jpg\"><img loading=\"lazy\" decoding=\"async\" class=\"alignnone size-medium wp-image-2585\" alt=\"IMG_20170909_184641\" src=\"http:\/\/moeve-schmelz.de\/wp-content\/uploads\/2017\/09\/IMG_20170909_184641-300x224.jpg\" width=\"300\" height=\"224\" srcset=\"https:\/\/moeve-schmelz.de\/wp-content\/uploads\/2017\/09\/IMG_20170909_184641-300x224.jpg 300w, https:\/\/moeve-schmelz.de\/wp-content\/uploads\/2017\/09\/IMG_20170909_184641-1024x768.jpg 1024w\" sizes=\"auto, (max-width: 300px) 100vw, 300px\" \/><\/a><\/p>\n<p><b>Uwe Morscheid<\/b> und <b>Thomas Frank<\/b> erk\u00e4mpften sich beide eine tolle Platzierung im Rennen der Senioren 2 Fahrer.<\/p>\n","protected":false},"excerpt":{"rendered":"<p>Das MTB Rennen &#8222;Gr\u00fcne H\u00f6lle&#8220; in Freisen ist seit Jahren Bestandteil der MTB Saar-Pfalz Liga. Anspruchsvolle Trails quer durch den Wald, st\u00e4ndiger Wechsel zwischen kurzen knackigen Anstiegen und giftigen Abfahrten und nat\u00fcrlich das Regenwetter machten die Strecke sprichw\u00f6rtlich zur H\u00f6lle. &hellip; <a href=\"https:\/\/moeve-schmelz.de\/?p=2578\">Weiterlesen <span class=\"meta-nav\">&rarr;<\/span><\/a><\/p>\n","protected":false},"author":5,"featured_media":0,"comment_status":"closed","ping_status":"closed","sticky":false,"template":"","format":"standard","meta":{"footnotes":""},"categories":[1],"tags":[],"class_list":["post-2578","post","type-post","status-publish","format-standard","hentry","category-allgemein"],"_links":{"self":[{"href":"https:\/\/moeve-schmelz.de\/index.php?rest_route=\/wp\/v2\/posts\/2578","targetHints":{"allow":["GET"]}}],"collection":[{"href":"https:\/\/moeve-schmelz.de\/index.php?rest_route=\/wp\/v2\/posts"}],"about":[{"href":"https:\/\/moeve-schmelz.de\/index.php?rest_route=\/wp\/v2\/types\/post"}],"author":[{"embeddable":true,"href":"https:\/\/moeve-schmelz.de\/index.php?rest_route=\/wp\/v2\/users\/5"}],"replies":[{"embeddable":true,"href":"https:\/\/moeve-schmelz.de\/index.php?rest_route=%2Fwp%2Fv2%2Fcomments&post=2578"}],"version-history":[{"count":6,"href":"https:\/\/moeve-schmelz.de\/index.php?rest_route=\/wp\/v2\/posts\/2578\/revisions"}],"predecessor-version":[{"id":2591,"href":"https:\/\/moeve-schmelz.de\/index.php?rest_route=\/wp\/v2\/posts\/2578\/revisions\/2591"}],"wp:attachment":[{"href":"https:\/\/moeve-schmelz.de\/index.php?rest_route=%2Fwp%2Fv2%2Fmedia&parent=2578"}],"wp:term":[{"taxonomy":"category","embeddable":true,"href":"https:\/\/moeve-schmelz.de\/index.php?rest_route=%2Fwp%2Fv2%2Fcategories&post=2578"},{"taxonomy":"post_tag","embeddable":true,"href":"https:\/\/moeve-schmelz.de\/index.php?rest_route=%2Fwp%2Fv2%2Ftags&post=2578"}],"curies":[{"name":"wp","href":"https:\/\/api.w.org\/{rel}","templated":true}]}}