{"id":2665,"date":"2017-11-21T07:42:55","date_gmt":"2017-11-21T05:42:55","guid":{"rendered":"http:\/\/moeve-schmelz.de\/?p=2665"},"modified":"2017-11-21T07:42:55","modified_gmt":"2017-11-21T05:42:55","slug":"siegerehrung-mtb-liga-saar-pfalz-2017-2","status":"publish","type":"post","link":"https:\/\/moeve-schmelz.de\/?p=2665","title":{"rendered":"\\\\ Siegerehrung MTB Liga Saar-Pfalz 2017"},"content":{"rendered":"<p>Der Sommer geht der Herbst schon da und somit ist Zeit die Fahrer\/innen der MTB Liga Saar-Pfalz zu ehren und dabei die Saison 2017 noch einmal Revue passieren zu lassen. Hierzu ging es am 12. November in die Talbachhalle nach Limbach. Nach kurzer Er\u00f6ffnung durch den Vereinsvorsitzenden Stefan Thome, Willkommensgru\u00df von B\u00fcrgermeister Armin Emanuel sowie dem stellvertretender BDR-Pr\u00e4sident\u00a0Peter Koch f\u00fchrte Moderator Notger Hugo durch&#8217;s Programm bei dem die besten Fahrerinnen und Fahrer der Nachwuchsklassen U9 bis U19 sowie die verschiedenen Erwachsenenkategorien geehrt wurden. Zwischen den einzelnen Ehrungen gab es immer mal wieder Gelegenheit Preise unter die Leute zu bringen und so endete die Veranstaltung am sp\u00e4ten Nachmittag mit der Teamwertung sowie der Verlosung der Hauptpreise. Dank der vielen Sponsoren konnte jeder Teilnehmer einen Preis mit nach Hause nehmen.<\/p>\n<p>Wir hoffen es hat alles Spa\u00df gemacht und wir sehen uns im n\u00e4chsten Jahr wieder &#8230;<\/p>\n<p>Die Gesamtergebnisse finden sich auf der Homepage der MTB Liga Saar-Pfalz unter nachfolgendem Link:\u00a0<a href=\"http:\/\/mtbliga-saarpfalz.de\/resultate-2017.html\">http:\/\/mtbliga-saarpfalz.de\/resultate-2017.html<\/a><\/p>\n<p><a href=\"http:\/\/moeve-schmelz.de\/wp-content\/uploads\/2017\/11\/IMG_1511.jpg\"><img loading=\"lazy\" decoding=\"async\" class=\"alignleft size-medium wp-image-2667\" alt=\"IMG_1511\" src=\"http:\/\/moeve-schmelz.de\/wp-content\/uploads\/2017\/11\/IMG_1511-300x200.jpg\" width=\"300\" height=\"200\" srcset=\"https:\/\/moeve-schmelz.de\/wp-content\/uploads\/2017\/11\/IMG_1511-300x200.jpg 300w, https:\/\/moeve-schmelz.de\/wp-content\/uploads\/2017\/11\/IMG_1511.jpg 1024w\" sizes=\"auto, (max-width: 300px) 100vw, 300px\" \/><\/a><a href=\"http:\/\/moeve-schmelz.de\/wp-content\/uploads\/2017\/11\/IMG_1518.jpg\"><img loading=\"lazy\" decoding=\"async\" class=\"alignleft size-medium wp-image-2668\" alt=\"IMG_1518\" src=\"http:\/\/moeve-schmelz.de\/wp-content\/uploads\/2017\/11\/IMG_1518-300x200.jpg\" width=\"300\" height=\"200\" srcset=\"https:\/\/moeve-schmelz.de\/wp-content\/uploads\/2017\/11\/IMG_1518-300x200.jpg 300w, https:\/\/moeve-schmelz.de\/wp-content\/uploads\/2017\/11\/IMG_1518.jpg 1024w\" sizes=\"auto, (max-width: 300px) 100vw, 300px\" \/><\/a><a href=\"http:\/\/moeve-schmelz.de\/wp-content\/uploads\/2017\/11\/IMG_1525.jpg\"><img loading=\"lazy\" decoding=\"async\" class=\"alignleft size-medium wp-image-2670\" alt=\"IMG_1525\" src=\"http:\/\/moeve-schmelz.de\/wp-content\/uploads\/2017\/11\/IMG_1525-300x200.jpg\" width=\"300\" height=\"200\" srcset=\"https:\/\/moeve-schmelz.de\/wp-content\/uploads\/2017\/11\/IMG_1525-300x200.jpg 300w, https:\/\/moeve-schmelz.de\/wp-content\/uploads\/2017\/11\/IMG_1525.jpg 1024w\" sizes=\"auto, (max-width: 300px) 100vw, 300px\" \/><\/a> <a href=\"http:\/\/moeve-schmelz.de\/wp-content\/uploads\/2017\/11\/IMG_1524.jpg\"><img loading=\"lazy\" decoding=\"async\" class=\"alignleft size-medium wp-image-2669\" alt=\"IMG_1524\" src=\"http:\/\/moeve-schmelz.de\/wp-content\/uploads\/2017\/11\/IMG_1524-300x200.jpg\" width=\"300\" height=\"200\" srcset=\"https:\/\/moeve-schmelz.de\/wp-content\/uploads\/2017\/11\/IMG_1524-300x200.jpg 300w, https:\/\/moeve-schmelz.de\/wp-content\/uploads\/2017\/11\/IMG_1524.jpg 1024w\" sizes=\"auto, (max-width: 300px) 100vw, 300px\" \/><\/a><\/p>\n<p>&nbsp;<\/p>\n","protected":false},"excerpt":{"rendered":"<p>Der Sommer geht der Herbst schon da und somit ist Zeit die Fahrer\/innen der MTB Liga Saar-Pfalz zu ehren und dabei die Saison 2017 noch einmal Revue passieren zu lassen. Hierzu ging es am 12. November in die Talbachhalle nach &hellip; <a href=\"https:\/\/moeve-schmelz.de\/?p=2665\">Weiterlesen <span class=\"meta-nav\">&rarr;<\/span><\/a><\/p>\n","protected":false},"author":2,"featured_media":0,"comment_status":"closed","ping_status":"closed","sticky":false,"template":"","format":"standard","meta":{"footnotes":""},"categories":[1],"tags":[],"class_list":["post-2665","post","type-post","status-publish","format-standard","hentry","category-allgemein"],"_links":{"self":[{"href":"https:\/\/moeve-schmelz.de\/index.php?rest_route=\/wp\/v2\/posts\/2665","targetHints":{"allow":["GET"]}}],"collection":[{"href":"https:\/\/moeve-schmelz.de\/index.php?rest_route=\/wp\/v2\/posts"}],"about":[{"href":"https:\/\/moeve-schmelz.de\/index.php?rest_route=\/wp\/v2\/types\/post"}],"author":[{"embeddable":true,"href":"https:\/\/moeve-schmelz.de\/index.php?rest_route=\/wp\/v2\/users\/2"}],"replies":[{"embeddable":true,"href":"https:\/\/moeve-schmelz.de\/index.php?rest_route=%2Fwp%2Fv2%2Fcomments&post=2665"}],"version-history":[{"count":4,"href":"https:\/\/moeve-schmelz.de\/index.php?rest_route=\/wp\/v2\/posts\/2665\/revisions"}],"predecessor-version":[{"id":2673,"href":"https:\/\/moeve-schmelz.de\/index.php?rest_route=\/wp\/v2\/posts\/2665\/revisions\/2673"}],"wp:attachment":[{"href":"https:\/\/moeve-schmelz.de\/index.php?rest_route=%2Fwp%2Fv2%2Fmedia&parent=2665"}],"wp:term":[{"taxonomy":"category","embeddable":true,"href":"https:\/\/moeve-schmelz.de\/index.php?rest_route=%2Fwp%2Fv2%2Fcategories&post=2665"},{"taxonomy":"post_tag","embeddable":true,"href":"https:\/\/moeve-schmelz.de\/index.php?rest_route=%2Fwp%2Fv2%2Ftags&post=2665"}],"curies":[{"name":"wp","href":"https:\/\/api.w.org\/{rel}","templated":true}]}}