{"id":2680,"date":"2017-11-27T10:58:59","date_gmt":"2017-11-27T08:58:59","guid":{"rendered":"http:\/\/moeve-schmelz.de\/?p=2680"},"modified":"2017-11-27T11:05:41","modified_gmt":"2017-11-27T09:05:41","slug":"6-medaillen-bei-der-saarlandmeisterschaft-in-bann","status":"publish","type":"post","link":"https:\/\/moeve-schmelz.de\/?p=2680","title":{"rendered":"\\\\ 6 Medaillen bei der Saarlandmeisterschaft in Bann"},"content":{"rendered":"<p>Am 26. November fanden im pf\u00e4lzischen Bann die S\u00fcdwestmeisterschaften im Cyclocross statt bei der die Landesverb\u00e4nde Hessen, Rheinland-Pfalz und Saarland ihre Landesmeister f\u00fcr die Saison 2018 ermittelten.<\/p>\n<p>Der Streckenverlauf ging \u00fcberwiegend \u00fcber ein Wiesenst\u00fcck, dass durch den Regen extrem aufgeweicht und matschig war.<\/p>\n<p>Der Radverein M\u00f6ve Schmelz ging mit 6 Fahrern an den Start. Erstmalig durften auch <b>Hanna und Philipp Irsch<\/b> in den Altersklassen U13 bzw. U11 bei einer Saarlandmeisterschaft im Radcross teilnehmen. Bevor es aber aufs Rad ging mussten die Sch\u00fcler erst einen kleinen Crosslauf absolvieren. Als bekannt gute L\u00e4ufer hatten die beiden damit nat\u00fcrlich keine Probleme. Philipp gewann den 500m Lauf der Sch\u00fcler U11, Hanna wurde auf der 1 km langen Strecke zweite. Die darauffolgenden Radrennen absolvierten die beiden sover\u00e4n und wurden jeweils im Gesamtergebnis zweiter in ihren Altersklassen. Als beste Saarl\u00e4nder kann sich Philipp Irsch nun Saarlandmeister im Radcross 2018 nennen. \u00dcber einen weiteren Titel kann sich auch Hanna Irsch freuen. Sie gewann nicht nur den Gesamtcup der MTB Saar Pfalz Liga 2017 sondern ist nun auch amtierende Saarlandmeisterin der Sch\u00fcler U13.<\/p>\n<p><a href=\"http:\/\/moeve-schmelz.de\/wp-content\/uploads\/2017\/11\/IMG-20171125-WA0016.jpg\"><img loading=\"lazy\" decoding=\"async\" class=\"alignnone size-medium wp-image-2686\" alt=\"IMG-20171125-WA0016\" src=\"http:\/\/moeve-schmelz.de\/wp-content\/uploads\/2017\/11\/IMG-20171125-WA0016-300x225.jpg\" width=\"300\" height=\"225\" srcset=\"https:\/\/moeve-schmelz.de\/wp-content\/uploads\/2017\/11\/IMG-20171125-WA0016-300x225.jpg 300w, https:\/\/moeve-schmelz.de\/wp-content\/uploads\/2017\/11\/IMG-20171125-WA0016-1024x768.jpg 1024w, https:\/\/moeve-schmelz.de\/wp-content\/uploads\/2017\/11\/IMG-20171125-WA0016.jpg 1280w\" sizes=\"auto, (max-width: 300px) 100vw, 300px\" \/><\/a><\/p>\n<p>Hanna Irsch<\/p>\n<p><a href=\"http:\/\/moeve-schmelz.de\/wp-content\/uploads\/2017\/11\/IMG_20171125_114409_1.jpg\"><img loading=\"lazy\" decoding=\"async\" class=\"alignnone size-medium wp-image-2690\" alt=\"IMG_20171125_114409_1\" src=\"http:\/\/moeve-schmelz.de\/wp-content\/uploads\/2017\/11\/IMG_20171125_114409_1-224x300.jpg\" width=\"224\" height=\"300\" srcset=\"https:\/\/moeve-schmelz.de\/wp-content\/uploads\/2017\/11\/IMG_20171125_114409_1-224x300.jpg 224w, https:\/\/moeve-schmelz.de\/wp-content\/uploads\/2017\/11\/IMG_20171125_114409_1-768x1024.jpg 768w\" sizes=\"auto, (max-width: 224px) 100vw, 224px\" \/><\/a><\/p>\n<p>Philipp Irsch<\/p>\n<p>Ein spannendes Rennen zeigten auch Elitefahrer<b> Benny Irsch <\/b>und<b> Frederik Veith<\/b>. Beide gingen top vorbereitet an den Start. Nachdem Frederik Veith einen genialen Start erwischte und sich gleich vorne einreihen konnte, rutschte Benny aus den Pedalen und musste sich vom hinteren Feld nach vorne k\u00e4mpfen. In der Mitte des Rennens waren beide M\u00f6vefahrer wieder zusammen, allerdings als Konkurrenten. Beide hatten den Saarlandmeistertitel zum greifen nahe. F\u00fcr Frederik w\u00e4re es nach 2016 ein Wiederholungserfolg. F\u00fcr Benny nach 10 Jahren wieder eine Goldmedaille im Radcross.<\/p>\n<p>4 Runden vor Schluss musste Frederik mit einem Dekeft das Rad wechseln und verlor Zeit auf Benny Irsch, der bis zum Schluss konstant seine Runden fuhr und seinen Kindern nacheiferte. Nach 11 schweren Runden gewann er die Goldmedaille der Elitefahrer.<\/p>\n<p>Frederik Veith konnte nach seinem Defekt wieder Anschluss fassen und erk\u00e4mpfte sich noch den zweiten Platz. Somit hat der RV M\u00f6ve Schmelz gleich zwei Medaillen in der Eliteklasse gewonnen.<\/p>\n<p><a href=\"http:\/\/moeve-schmelz.de\/wp-content\/uploads\/2017\/11\/IMG_20171125_143716.jpg\"><img loading=\"lazy\" decoding=\"async\" class=\"alignnone size-medium wp-image-2684\" alt=\"IMG_20171125_143716\" src=\"http:\/\/moeve-schmelz.de\/wp-content\/uploads\/2017\/11\/IMG_20171125_143716-224x300.jpg\" width=\"224\" height=\"300\" srcset=\"https:\/\/moeve-schmelz.de\/wp-content\/uploads\/2017\/11\/IMG_20171125_143716-224x300.jpg 224w, https:\/\/moeve-schmelz.de\/wp-content\/uploads\/2017\/11\/IMG_20171125_143716-768x1024.jpg 768w\" sizes=\"auto, (max-width: 224px) 100vw, 224px\" \/><\/a><\/p>\n<p>Benny Irsch<\/p>\n<p><a href=\"http:\/\/moeve-schmelz.de\/wp-content\/uploads\/2017\/11\/IMG_4551.jpg\"><img loading=\"lazy\" decoding=\"async\" class=\"alignnone size-medium wp-image-2688\" alt=\"IMG_4551\" src=\"http:\/\/moeve-schmelz.de\/wp-content\/uploads\/2017\/11\/IMG_4551-e1511772707926-225x300.jpg\" width=\"225\" height=\"300\" srcset=\"https:\/\/moeve-schmelz.de\/wp-content\/uploads\/2017\/11\/IMG_4551-e1511772707926-225x300.jpg 225w, https:\/\/moeve-schmelz.de\/wp-content\/uploads\/2017\/11\/IMG_4551-e1511772707926-768x1024.jpg 768w\" sizes=\"auto, (max-width: 225px) 100vw, 225px\" \/><\/a><\/p>\n<p>Frederik Veith<\/p>\n<p><a href=\"http:\/\/moeve-schmelz.de\/wp-content\/uploads\/2017\/11\/IMG_4673.jpg\"><img loading=\"lazy\" decoding=\"async\" class=\"alignnone size-medium wp-image-2682\" alt=\"IMG_4673\" src=\"http:\/\/moeve-schmelz.de\/wp-content\/uploads\/2017\/11\/IMG_4673-300x225.jpg\" width=\"300\" height=\"225\" srcset=\"https:\/\/moeve-schmelz.de\/wp-content\/uploads\/2017\/11\/IMG_4673-300x225.jpg 300w, https:\/\/moeve-schmelz.de\/wp-content\/uploads\/2017\/11\/IMG_4673-1024x768.jpg 1024w\" sizes=\"auto, (max-width: 300px) 100vw, 300px\" \/><\/a><\/p>\n<p>Eine tolle Leistung zeigte auch U19 Talent <b>Marcel Scherer<\/b>. Nach dem Gewinn der Gesamtwetung der MTB Saar-Pfalz-Liga kann auch er seine Medaillensammlung um eine Silbermedaille erweitern und ist Vizemeister in seiner Altersklasse.<\/p>\n<p>&nbsp;<\/p>\n<p>Seniorenfahrer <b>Stefan Thome<\/b> kann den Medaillenregen f\u00fcr den RV M\u00f6ve Schmelz komplettieren und erreichte im Rennen der Senioren 3 Fahrer einen tollen dritten Platz.<\/p>\n<p><a href=\"http:\/\/moeve-schmelz.de\/wp-content\/uploads\/2017\/11\/IMG-20171125-WA00051.jpg\"><img loading=\"lazy\" decoding=\"async\" class=\"alignnone size-medium wp-image-2691\" alt=\"IMG-20171125-WA0005\" src=\"http:\/\/moeve-schmelz.de\/wp-content\/uploads\/2017\/11\/IMG-20171125-WA00051-224x300.jpg\" width=\"224\" height=\"300\" srcset=\"https:\/\/moeve-schmelz.de\/wp-content\/uploads\/2017\/11\/IMG-20171125-WA00051-224x300.jpg 224w, https:\/\/moeve-schmelz.de\/wp-content\/uploads\/2017\/11\/IMG-20171125-WA00051-768x1024.jpg 768w, https:\/\/moeve-schmelz.de\/wp-content\/uploads\/2017\/11\/IMG-20171125-WA00051.jpg 780w\" sizes=\"auto, (max-width: 224px) 100vw, 224px\" \/><\/a><\/p>\n<p>Stefan Thome<\/p>\n","protected":false},"excerpt":{"rendered":"<p>Am 26. November fanden im pf\u00e4lzischen Bann die S\u00fcdwestmeisterschaften im Cyclocross statt bei der die Landesverb\u00e4nde Hessen, Rheinland-Pfalz und Saarland ihre Landesmeister f\u00fcr die Saison 2018 ermittelten. Der Streckenverlauf ging \u00fcberwiegend \u00fcber ein Wiesenst\u00fcck, dass durch den Regen extrem aufgeweicht &hellip; <a href=\"https:\/\/moeve-schmelz.de\/?p=2680\">Weiterlesen <span class=\"meta-nav\">&rarr;<\/span><\/a><\/p>\n","protected":false},"author":5,"featured_media":0,"comment_status":"closed","ping_status":"closed","sticky":false,"template":"","format":"standard","meta":{"footnotes":""},"categories":[1],"tags":[],"class_list":["post-2680","post","type-post","status-publish","format-standard","hentry","category-allgemein"],"_links":{"self":[{"href":"https:\/\/moeve-schmelz.de\/index.php?rest_route=\/wp\/v2\/posts\/2680","targetHints":{"allow":["GET"]}}],"collection":[{"href":"https:\/\/moeve-schmelz.de\/index.php?rest_route=\/wp\/v2\/posts"}],"about":[{"href":"https:\/\/moeve-schmelz.de\/index.php?rest_route=\/wp\/v2\/types\/post"}],"author":[{"embeddable":true,"href":"https:\/\/moeve-schmelz.de\/index.php?rest_route=\/wp\/v2\/users\/5"}],"replies":[{"embeddable":true,"href":"https:\/\/moeve-schmelz.de\/index.php?rest_route=%2Fwp%2Fv2%2Fcomments&post=2680"}],"version-history":[{"count":3,"href":"https:\/\/moeve-schmelz.de\/index.php?rest_route=\/wp\/v2\/posts\/2680\/revisions"}],"predecessor-version":[{"id":2698,"href":"https:\/\/moeve-schmelz.de\/index.php?rest_route=\/wp\/v2\/posts\/2680\/revisions\/2698"}],"wp:attachment":[{"href":"https:\/\/moeve-schmelz.de\/index.php?rest_route=%2Fwp%2Fv2%2Fmedia&parent=2680"}],"wp:term":[{"taxonomy":"category","embeddable":true,"href":"https:\/\/moeve-schmelz.de\/index.php?rest_route=%2Fwp%2Fv2%2Fcategories&post=2680"},{"taxonomy":"post_tag","embeddable":true,"href":"https:\/\/moeve-schmelz.de\/index.php?rest_route=%2Fwp%2Fv2%2Ftags&post=2680"}],"curies":[{"name":"wp","href":"https:\/\/api.w.org\/{rel}","templated":true}]}}