{"id":2717,"date":"2018-03-12T19:32:17","date_gmt":"2018-03-12T17:32:17","guid":{"rendered":"http:\/\/moeve-schmelz.de\/?p=2717"},"modified":"2018-03-12T19:36:23","modified_gmt":"2018-03-12T17:36:23","slug":"wir-im-verein","status":"publish","type":"post","link":"https:\/\/moeve-schmelz.de\/?p=2717","title":{"rendered":"\/\/ &#8222;Wir im Verein &#8222;"},"content":{"rendered":"<p>Am 1. M\u00e4rz\u00a0veranstaltete\u00a0die saarl\u00e4ndische Landesregierung\u00a0die Aktionsveranstaltung &#8222;Wir im Verein mit dir&#8220; in der Primshalle\u00a0in Schmelz.<\/p>\n<p>Zusammen mit den Sportvereinen der Gemeinde Schmelz stellte man viele interessante Sportarten vor, um die Grundschulkinder der Klassenstufen 1-3 zu begeistern, aktiv zu werden und regelm\u00e4\u00dfig Sport zu machen.<\/p>\n<p>Auch der RV M\u00f6ve Schmelz beteilige sich beim abwechslungsreichen Rahmenprogramm . Auf einem kleinen, aufgebauten\u00a0Technikparkours konnten einige aktive &#8222;M\u00f6vekinder&#8220; ihr bereits erlangtes K\u00f6nnen vorf\u00fchren und wurden mit gro\u00dfem Applaus unterst\u00fctzt.<\/p>\n<p>Das Kindertraining findet nach den Osterferien jeden Dienstag auf dem Sportplatz in der Heide statt. Vom 16:30 Uhr bis 18 Uhr lernen wir Technik auf dem Rad, fahren in alters- und leistungsentsprechenden Gruppen kleine Touren rund um die Heide, wir fahren \u00fcber Paletten,\u00a0Wippen, \u00fcben Slalom\u00a0und haben jede Menge Spa\u00df zusammen.<\/p>\n<p><a href=\"http:\/\/moeve-schmelz.de\/wp-content\/uploads\/2018\/03\/Wir_im_Verein_mit_dir_01_03_2018-22.jpg\"><img loading=\"lazy\" decoding=\"async\" class=\"alignnone size-medium wp-image-2719\" alt=\"Wir_im_Verein_mit_dir_01_03_2018 (22)\" src=\"http:\/\/moeve-schmelz.de\/wp-content\/uploads\/2018\/03\/Wir_im_Verein_mit_dir_01_03_2018-22-199x300.jpg\" width=\"199\" height=\"300\" srcset=\"https:\/\/moeve-schmelz.de\/wp-content\/uploads\/2018\/03\/Wir_im_Verein_mit_dir_01_03_2018-22-199x300.jpg 199w, https:\/\/moeve-schmelz.de\/wp-content\/uploads\/2018\/03\/Wir_im_Verein_mit_dir_01_03_2018-22.jpg 510w\" sizes=\"auto, (max-width: 199px) 100vw, 199px\" \/><\/a><\/p>\n<p><a href=\"http:\/\/moeve-schmelz.de\/wp-content\/uploads\/2018\/03\/Wir_im_Verein_mit_dir_01_03_2018-24.jpg\"><img loading=\"lazy\" decoding=\"async\" class=\"alignnone size-medium wp-image-2720\" alt=\"Wir_im_Verein_mit_dir_01_03_2018 (24)\" src=\"http:\/\/moeve-schmelz.de\/wp-content\/uploads\/2018\/03\/Wir_im_Verein_mit_dir_01_03_2018-24-300x199.jpg\" width=\"300\" height=\"199\" srcset=\"https:\/\/moeve-schmelz.de\/wp-content\/uploads\/2018\/03\/Wir_im_Verein_mit_dir_01_03_2018-24-300x199.jpg 300w, https:\/\/moeve-schmelz.de\/wp-content\/uploads\/2018\/03\/Wir_im_Verein_mit_dir_01_03_2018-24.jpg 1024w\" sizes=\"auto, (max-width: 300px) 100vw, 300px\" \/><\/a><\/p>\n<p><a href=\"http:\/\/moeve-schmelz.de\/wp-content\/uploads\/2018\/03\/Wir_im_Verein_mit_dir_01_03_2018-21.jpg\"><img loading=\"lazy\" decoding=\"async\" class=\"alignnone size-medium wp-image-2718\" alt=\"Wir_im_Verein_mit_dir_01_03_2018 (21)\" src=\"http:\/\/moeve-schmelz.de\/wp-content\/uploads\/2018\/03\/Wir_im_Verein_mit_dir_01_03_2018-21-199x300.jpg\" width=\"199\" height=\"300\" srcset=\"https:\/\/moeve-schmelz.de\/wp-content\/uploads\/2018\/03\/Wir_im_Verein_mit_dir_01_03_2018-21-199x300.jpg 199w, https:\/\/moeve-schmelz.de\/wp-content\/uploads\/2018\/03\/Wir_im_Verein_mit_dir_01_03_2018-21.jpg 510w\" sizes=\"auto, (max-width: 199px) 100vw, 199px\" \/><\/a><\/p>\n<p>&nbsp;<\/p>\n","protected":false},"excerpt":{"rendered":"<p>Am 1. M\u00e4rz\u00a0veranstaltete\u00a0die saarl\u00e4ndische Landesregierung\u00a0die Aktionsveranstaltung &#8222;Wir im Verein mit dir&#8220; in der Primshalle\u00a0in Schmelz. Zusammen mit den Sportvereinen der Gemeinde Schmelz stellte man viele interessante Sportarten vor, um die Grundschulkinder der Klassenstufen 1-3 zu begeistern, aktiv zu werden und &hellip; <a href=\"https:\/\/moeve-schmelz.de\/?p=2717\">Weiterlesen <span class=\"meta-nav\">&rarr;<\/span><\/a><\/p>\n","protected":false},"author":5,"featured_media":0,"comment_status":"closed","ping_status":"closed","sticky":false,"template":"","format":"standard","meta":{"footnotes":""},"categories":[1],"tags":[],"class_list":["post-2717","post","type-post","status-publish","format-standard","hentry","category-allgemein"],"_links":{"self":[{"href":"https:\/\/moeve-schmelz.de\/index.php?rest_route=\/wp\/v2\/posts\/2717","targetHints":{"allow":["GET"]}}],"collection":[{"href":"https:\/\/moeve-schmelz.de\/index.php?rest_route=\/wp\/v2\/posts"}],"about":[{"href":"https:\/\/moeve-schmelz.de\/index.php?rest_route=\/wp\/v2\/types\/post"}],"author":[{"embeddable":true,"href":"https:\/\/moeve-schmelz.de\/index.php?rest_route=\/wp\/v2\/users\/5"}],"replies":[{"embeddable":true,"href":"https:\/\/moeve-schmelz.de\/index.php?rest_route=%2Fwp%2Fv2%2Fcomments&post=2717"}],"version-history":[{"count":3,"href":"https:\/\/moeve-schmelz.de\/index.php?rest_route=\/wp\/v2\/posts\/2717\/revisions"}],"predecessor-version":[{"id":2723,"href":"https:\/\/moeve-schmelz.de\/index.php?rest_route=\/wp\/v2\/posts\/2717\/revisions\/2723"}],"wp:attachment":[{"href":"https:\/\/moeve-schmelz.de\/index.php?rest_route=%2Fwp%2Fv2%2Fmedia&parent=2717"}],"wp:term":[{"taxonomy":"category","embeddable":true,"href":"https:\/\/moeve-schmelz.de\/index.php?rest_route=%2Fwp%2Fv2%2Fcategories&post=2717"},{"taxonomy":"post_tag","embeddable":true,"href":"https:\/\/moeve-schmelz.de\/index.php?rest_route=%2Fwp%2Fv2%2Ftags&post=2717"}],"curies":[{"name":"wp","href":"https:\/\/api.w.org\/{rel}","templated":true}]}}