{"id":2734,"date":"2018-04-22T20:52:13","date_gmt":"2018-04-22T18:52:13","guid":{"rendered":"http:\/\/moeve-schmelz.de\/?p=2734"},"modified":"2018-04-22T20:54:23","modified_gmt":"2018-04-22T18:54:23","slug":"bulls-cup-2018-scherer-siegt","status":"publish","type":"post","link":"https:\/\/moeve-schmelz.de\/?p=2734","title":{"rendered":"\\\\ Bulls Cup 2018 &#8211; Scherer siegt"},"content":{"rendered":"<p><strong>Die Mountainbike-Rennsaison 2018 er\u00f6ffnet traditionell im Februar mit dem, weit \u00fcber die Grenzen hinaus bekannten, Bulls Cup. Die XC Winterserie findet in diesem Jahr bereits zum 14. Mal statt und besteht aus vier Rennterminen, die alle in der Eifel stattfinden. Von jung bis alt k\u00e4mpfen die MTB-ler nicht nur um die Punkte f\u00fcr die Gesamtwertung, sonder nutze die Rennen auch als Formtest f\u00fcr die bevorstehende Rennsaison.<\/strong><\/p>\n<p><strong>Diesen Test hat M\u00f6ve Fahrer Marcel Scherer mit Bravour bestanden. Er gewann nicht nur das letzte Rennen sondern auch die Gesamtwertung des Bulls Cup. Ein gelungener Saiso<\/strong><strong>nstart f\u00fcr Marcel, der in der diesj\u00e4hrigen Saison in die U19 Altersklasse aufgestiegen ist.<\/strong><\/p>\n<p><a href=\"http:\/\/moeve-schmelz.de\/wp-content\/uploads\/2018\/04\/IMG-20180415-WA0006-2.jpg\"><img loading=\"lazy\" decoding=\"async\" class=\"alignnone size-medium wp-image-2736\" alt=\"IMG-20180415-WA0006-2\" src=\"http:\/\/moeve-schmelz.de\/wp-content\/uploads\/2018\/04\/IMG-20180415-WA0006-2-225x300.jpg\" width=\"225\" height=\"300\" srcset=\"https:\/\/moeve-schmelz.de\/wp-content\/uploads\/2018\/04\/IMG-20180415-WA0006-2-225x300.jpg 225w, https:\/\/moeve-schmelz.de\/wp-content\/uploads\/2018\/04\/IMG-20180415-WA0006-2-768x1024.jpg 768w, https:\/\/moeve-schmelz.de\/wp-content\/uploads\/2018\/04\/IMG-20180415-WA0006-2.jpg 960w\" sizes=\"auto, (max-width: 225px) 100vw, 225px\" \/><\/a><\/p>\n<p><strong>Auch U11 Fahrer Philipp Irsch nutzte das letzte Rennen im pf\u00e4zischen Boos, um erste Wettkampfh\u00e4rte zu erlangen. Da Philipp aber nicht den gesamten Cup gefahren ist, sondern nur das letzte Rennen stand er in der Startaufstellung an 40. Position. In 8 Runden startete er eine beispiellose Aufholjagd und beendete das Rennen auf einem starken 5. Platz.<\/strong><\/p>\n<p><a href=\"http:\/\/moeve-schmelz.de\/wp-content\/uploads\/2018\/04\/IMG_20180415_104027.jpg\"><img loading=\"lazy\" decoding=\"async\" class=\"alignnone size-medium wp-image-2735\" alt=\"IMG_20180415_104027\" src=\"http:\/\/moeve-schmelz.de\/wp-content\/uploads\/2018\/04\/IMG_20180415_104027-224x300.jpg\" width=\"224\" height=\"300\" srcset=\"https:\/\/moeve-schmelz.de\/wp-content\/uploads\/2018\/04\/IMG_20180415_104027-224x300.jpg 224w, https:\/\/moeve-schmelz.de\/wp-content\/uploads\/2018\/04\/IMG_20180415_104027-768x1024.jpg 768w\" sizes=\"auto, (max-width: 224px) 100vw, 224px\" \/><\/a><\/p>\n","protected":false},"excerpt":{"rendered":"<p>Die Mountainbike-Rennsaison 2018 er\u00f6ffnet traditionell im Februar mit dem, weit \u00fcber die Grenzen hinaus bekannten, Bulls Cup. Die XC Winterserie findet in diesem Jahr bereits zum 14. Mal statt und besteht aus vier Rennterminen, die alle in der Eifel stattfinden. &hellip; <a href=\"https:\/\/moeve-schmelz.de\/?p=2734\">Weiterlesen <span class=\"meta-nav\">&rarr;<\/span><\/a><\/p>\n","protected":false},"author":5,"featured_media":0,"comment_status":"closed","ping_status":"closed","sticky":false,"template":"","format":"standard","meta":{"footnotes":""},"categories":[1],"tags":[],"class_list":["post-2734","post","type-post","status-publish","format-standard","hentry","category-allgemein"],"_links":{"self":[{"href":"https:\/\/moeve-schmelz.de\/index.php?rest_route=\/wp\/v2\/posts\/2734","targetHints":{"allow":["GET"]}}],"collection":[{"href":"https:\/\/moeve-schmelz.de\/index.php?rest_route=\/wp\/v2\/posts"}],"about":[{"href":"https:\/\/moeve-schmelz.de\/index.php?rest_route=\/wp\/v2\/types\/post"}],"author":[{"embeddable":true,"href":"https:\/\/moeve-schmelz.de\/index.php?rest_route=\/wp\/v2\/users\/5"}],"replies":[{"embeddable":true,"href":"https:\/\/moeve-schmelz.de\/index.php?rest_route=%2Fwp%2Fv2%2Fcomments&post=2734"}],"version-history":[{"count":3,"href":"https:\/\/moeve-schmelz.de\/index.php?rest_route=\/wp\/v2\/posts\/2734\/revisions"}],"predecessor-version":[{"id":2739,"href":"https:\/\/moeve-schmelz.de\/index.php?rest_route=\/wp\/v2\/posts\/2734\/revisions\/2739"}],"wp:attachment":[{"href":"https:\/\/moeve-schmelz.de\/index.php?rest_route=%2Fwp%2Fv2%2Fmedia&parent=2734"}],"wp:term":[{"taxonomy":"category","embeddable":true,"href":"https:\/\/moeve-schmelz.de\/index.php?rest_route=%2Fwp%2Fv2%2Fcategories&post=2734"},{"taxonomy":"post_tag","embeddable":true,"href":"https:\/\/moeve-schmelz.de\/index.php?rest_route=%2Fwp%2Fv2%2Ftags&post=2734"}],"curies":[{"name":"wp","href":"https:\/\/api.w.org\/{rel}","templated":true}]}}