{"id":2761,"date":"2018-05-21T22:18:26","date_gmt":"2018-05-21T20:18:26","guid":{"rendered":"http:\/\/moeve-schmelz.de\/?p=2761"},"modified":"2018-05-21T22:20:27","modified_gmt":"2018-05-21T20:20:27","slug":"benny-irsch-saarlandmeister-im-duathlon","status":"publish","type":"post","link":"https:\/\/moeve-schmelz.de\/?p=2761","title":{"rendered":"\\\\ Benny Irsch Saarlandmeister im Duathlon"},"content":{"rendered":"<p>Anfang Mai veranstaltete der TV G\u00fcdingen zum 25.Mal den bekannten Grenzlandduathlon, der zudem die Saarlandmeister im Kurzduathlon ermittelte. Sowohl die ambitionierten Volksduathleten, also auch die \u201eHalbprofis\u201c kamen bei herrlichem Wetter und einer top organisierten Veranstaltung auf ihre Kosten.<\/p>\n<p>Die Volksduathleten absolvierten in ihrem Wettkampf die Distanzen 5 km laufen, 20km Radfahren und abschlie\u00dfend wieder 5 km laufen. Die Laufstrecke verlief, wie auch im Wettkampf der Saarlandmeisterschaften relativ flach, entlang der Saar. Die 20 km lange Radstrecke war ebenfalls \u00fcberwiegend flach. Die Teilnehmer der Saarlandmeisterschaften mussten zu Beginn 10 km laufen, 40 km Radfahren und abschlie\u00dfend 5 km laufen. Wobei es die Radstrecke mit dem Fechinger Berg, der zwei mal zu bew\u00e4ltigen war, und 500 H\u00f6henmetern ganz sch\u00f6n in sich hatte.<\/p>\n<p>Bei ihrem ersten Wettkampf erreichte <b>Laura Neusius<\/b> beim Volksduathlon gleich eine top 10 Platzierung. Nach 5 km laufen, 20 km Radfahren und den abschlie\u00dfenden 5 Laufkilometern erreichte sie in einer Zeit von 1 Stunde und 45 Minuten den 8 Platz.<\/p>\n<p><a href=\"http:\/\/moeve-schmelz.de\/wp-content\/uploads\/2018\/05\/IMG_20180506_101533.jpg\"><img loading=\"lazy\" decoding=\"async\" class=\"alignnone size-medium wp-image-2763\" alt=\"IMG_20180506_101533\" src=\"http:\/\/moeve-schmelz.de\/wp-content\/uploads\/2018\/05\/IMG_20180506_101533-224x300.jpg\" width=\"224\" height=\"300\" srcset=\"https:\/\/moeve-schmelz.de\/wp-content\/uploads\/2018\/05\/IMG_20180506_101533-224x300.jpg 224w, https:\/\/moeve-schmelz.de\/wp-content\/uploads\/2018\/05\/IMG_20180506_101533-768x1024.jpg 768w\" sizes=\"auto, (max-width: 224px) 100vw, 224px\" \/><\/a><\/p>\n<p>Bei den Saarlandmeisterschaften konnte <b>Benny Irsch <\/b>das Starterfeld ordentlich aufmischen. Bereits die nach den ersten 10 km, in einer Zeit von 35 Minuten, setzte er sich in der Altersklasse AK 4 an die Spitze. Die 40 km lange Radstrecke absolvierte er in 1h 03 Minuten. Die abschlie\u00dfenden 5 km waren dann nur noch Formsache. Nach einer Gesamtzeit von 1h und 58 Minuten hie\u00df der neue Saarlandmeister Benjamin Irsch.<\/p>\n<p><a href=\"http:\/\/moeve-schmelz.de\/wp-content\/uploads\/2018\/05\/IMG_20180506_093046.jpg\"><img loading=\"lazy\" decoding=\"async\" class=\"alignnone size-medium wp-image-2762\" alt=\"IMG_20180506_093046\" src=\"http:\/\/moeve-schmelz.de\/wp-content\/uploads\/2018\/05\/IMG_20180506_093046-224x300.jpg\" width=\"224\" height=\"300\" srcset=\"https:\/\/moeve-schmelz.de\/wp-content\/uploads\/2018\/05\/IMG_20180506_093046-224x300.jpg 224w, https:\/\/moeve-schmelz.de\/wp-content\/uploads\/2018\/05\/IMG_20180506_093046-768x1024.jpg 768w\" sizes=\"auto, (max-width: 224px) 100vw, 224px\" \/><\/a><\/p>\n<p><a href=\"http:\/\/moeve-schmelz.de\/wp-content\/uploads\/2018\/05\/IMG_20180506_110929.jpg\"><img loading=\"lazy\" decoding=\"async\" class=\"alignnone size-medium wp-image-2764\" alt=\"IMG_20180506_110929\" src=\"http:\/\/moeve-schmelz.de\/wp-content\/uploads\/2018\/05\/IMG_20180506_110929-300x264.jpg\" width=\"300\" height=\"264\" srcset=\"https:\/\/moeve-schmelz.de\/wp-content\/uploads\/2018\/05\/IMG_20180506_110929-300x264.jpg 300w, https:\/\/moeve-schmelz.de\/wp-content\/uploads\/2018\/05\/IMG_20180506_110929-1024x901.jpg 1024w\" sizes=\"auto, (max-width: 300px) 100vw, 300px\" \/><\/a><\/p>\n<p>&nbsp;<\/p>\n","protected":false},"excerpt":{"rendered":"<p>Anfang Mai veranstaltete der TV G\u00fcdingen zum 25.Mal den bekannten Grenzlandduathlon, der zudem die Saarlandmeister im Kurzduathlon ermittelte. Sowohl die ambitionierten Volksduathleten, also auch die \u201eHalbprofis\u201c kamen bei herrlichem Wetter und einer top organisierten Veranstaltung auf ihre Kosten. Die Volksduathleten &hellip; <a href=\"https:\/\/moeve-schmelz.de\/?p=2761\">Weiterlesen <span class=\"meta-nav\">&rarr;<\/span><\/a><\/p>\n","protected":false},"author":5,"featured_media":0,"comment_status":"closed","ping_status":"closed","sticky":false,"template":"","format":"standard","meta":{"footnotes":""},"categories":[1],"tags":[],"class_list":["post-2761","post","type-post","status-publish","format-standard","hentry","category-allgemein"],"_links":{"self":[{"href":"https:\/\/moeve-schmelz.de\/index.php?rest_route=\/wp\/v2\/posts\/2761","targetHints":{"allow":["GET"]}}],"collection":[{"href":"https:\/\/moeve-schmelz.de\/index.php?rest_route=\/wp\/v2\/posts"}],"about":[{"href":"https:\/\/moeve-schmelz.de\/index.php?rest_route=\/wp\/v2\/types\/post"}],"author":[{"embeddable":true,"href":"https:\/\/moeve-schmelz.de\/index.php?rest_route=\/wp\/v2\/users\/5"}],"replies":[{"embeddable":true,"href":"https:\/\/moeve-schmelz.de\/index.php?rest_route=%2Fwp%2Fv2%2Fcomments&post=2761"}],"version-history":[{"count":3,"href":"https:\/\/moeve-schmelz.de\/index.php?rest_route=\/wp\/v2\/posts\/2761\/revisions"}],"predecessor-version":[{"id":2767,"href":"https:\/\/moeve-schmelz.de\/index.php?rest_route=\/wp\/v2\/posts\/2761\/revisions\/2767"}],"wp:attachment":[{"href":"https:\/\/moeve-schmelz.de\/index.php?rest_route=%2Fwp%2Fv2%2Fmedia&parent=2761"}],"wp:term":[{"taxonomy":"category","embeddable":true,"href":"https:\/\/moeve-schmelz.de\/index.php?rest_route=%2Fwp%2Fv2%2Fcategories&post=2761"},{"taxonomy":"post_tag","embeddable":true,"href":"https:\/\/moeve-schmelz.de\/index.php?rest_route=%2Fwp%2Fv2%2Ftags&post=2761"}],"curies":[{"name":"wp","href":"https:\/\/api.w.org\/{rel}","templated":true}]}}